{"id":1951,"date":"2025-09-23T08:50:21","date_gmt":"2025-09-23T08:50:21","guid":{"rendered":"https:\/\/memodio-app.com\/?p=1951"},"modified":"2025-10-15T10:05:45","modified_gmt":"2025-10-15T10:05:45","slug":"wie-kann-ich-meinen-partner-mit-demenz-unterstuetzen","status":"publish","type":"post","link":"https:\/\/memodio-app.com\/en\/blog\/wie-kann-ich-meinen-partner-mit-demenz-unterstuetzen\/","title":{"rendered":"Wie kann ich meinen Partner mit Demenz unterst\u00fctzen?"},"content":{"rendered":"<p>F\u00fcr einen Angeh\u00f6rigen ist es oft nicht leicht, wenn der Partner oder die Partnerin die Diagnose\u00a0<a href=\"https:\/\/memodio-app.com\/en\/blog\/unterschied-alzheimer-und-demenz\/\" target=\"_blank\" rel=\"noreferrer noopener\">Demenz<\/a>\u00a0bekommt.<\/p>\n\n\n\n<figure class=\"wp-block-image aligncenter size-large is-resized has-custom-border\"><img fetchpriority=\"high\" decoding=\"async\" width=\"1024\" height=\"576\" src=\"https:\/\/memodio-app.com\/wp-content\/uploads\/2025\/09\/OMi-19-1024x576.png\" alt=\"\" class=\"wp-image-1953\" style=\"border-radius:35px;width:567px;height:auto\" srcset=\"https:\/\/memodio-app.com\/wp-content\/uploads\/2025\/09\/OMi-19-1024x576.png 1024w, https:\/\/memodio-app.com\/wp-content\/uploads\/2025\/09\/OMi-19-300x169.png 300w, https:\/\/memodio-app.com\/wp-content\/uploads\/2025\/09\/OMi-19-768x432.png 768w, https:\/\/memodio-app.com\/wp-content\/uploads\/2025\/09\/OMi-19-1536x864.png 1536w, https:\/\/memodio-app.com\/wp-content\/uploads\/2025\/09\/OMi-19-18x10.png 18w, https:\/\/memodio-app.com\/wp-content\/uploads\/2025\/09\/OMi-19.png 1920w\" sizes=\"(max-width: 1024px) 100vw, 1024px\" \/><figcaption class=\"wp-element-caption\">Die Demenz-Diagnose ist oft f\u00fcr beide Partner ein einschneidendes Erlebnis, welches gemeinsam zu verarbeiten ist.<\/figcaption><\/figure>\n\n\n\n<p>Es beginnt oft mit Kleinigkeiten im Alltag, die nur Ihnen als Partner auffallen. Zu Anfang kann man diese aber noch auf die \u201enormale\u201c, altersbedingte Vergesslichkeit schieben. Im Verlauf werden die kleinen Vergesslichkeiten mehr und am Ende steht die Diagnose Demenz.<\/p>\n\n\n\n<p>Doch das hei\u00dft nicht, dass Sie Ihren Partner als Menschen verloren haben. Es ist wichtig, dass Sie gemeinsam \u00fcber die Diagnose Demenz sprechen und Ihre Eindr\u00fccke und Gef\u00fchle verarbeiten. Vor allem, wenn sich der Partner zur\u00fcckzieht, ist es umso wichtiger, ihm Verst\u00e4ndnis zu zeigen und f\u00fcr ihn da zu sein. Wie das konkret aussieht, h\u00e4ngt ganz von Ihnen ab. Sie kennen die Person am besten und ob Ablenkung oder Auseinandersetzung hilfreicher ist, k\u00f6nnen Sie gemeinsam herausfinden. Es ist nicht alles Demenz! Auch, wenn sich die Person ver\u00e4ndert und m\u00f6glicherweise wichtige Dinge vergisst, ist sie trotzdem einzigartig.<\/p>\n\n\n\n<p>Es ist wichtig, dass Sie offen und ehrlich miteinander reden. Versuchen Sie, Ihren Partner zu unterst\u00fctzen, aber nicht alle Aufgaben abzunehmen. Es gibt auch noch viele Dinge, die Menschen mit Demenz unter Anleitung schaffen, auch wenn das manchmal l\u00e4nger dauert. Das Gef\u00fchl, etwas selbst zu erreichen und zumindest ein wenig Kontrolle zu haben, ist f\u00fcr Demenzerkrankte sehr wichtig f\u00fcr das Selbstwertgef\u00fchl. Respekt und Wertsch\u00e4tzung sind hier wichtige Stichworte: behandeln Sie Ihren Angeh\u00f6rigen nicht wie ein unf\u00e4higes Kind, trauen Sie ihm Dinge zu und lassen Sie Ihm ein wenig Entscheidungsfreiheit. Da bei Menschen mit Demenz die kognitiven F\u00e4higkeiten oft immer schlechter werden, greifen sie vermehrt auf die emotionale Ebene zur\u00fcck. Hier ist es wichtig nicht zu vergessen, dass vor Ihnen ein Mensch steht \u2013 so wie du und ich. &nbsp;<\/p>\n\n\n\n<p>Doch auch Sie sind ein Mensch, den Sie nicht vernachl\u00e4ssigen d\u00fcrfen. Oft geben pflegende Angeh\u00f6rige sich vollst\u00e4ndig auf, um f\u00fcr den Partner da zu sein. Das bringt aber weder Ihnen, noch der gepflegten Person etwas. Ihre Energie k\u00f6nnen Sie nur gut teilen und einsetzen, wenn Ihr eigener Akku aufgeladen ist.<\/p>\n\n\n\n<p>Gestehen Sie es sich ein, wenn Sie es allein nicht mehr schaffen f\u00fcr den Partner zu sorgen. Oftmals hilft es schon regelm\u00e4\u00dfige Termine oder Treffen mit Freunden zu vereinbaren, um eine Pause vom Alltag zu bekommen. Das ist wichtig, um auch Ihre Batterien aufzuladen. Reden Sie mit Ihren Freunden offen \u00fcber Ihre Probleme und Sie werden merken, dass Sie viel Unterst\u00fctzung erfahren.<\/p>\n\n\n\n<p>Die Entscheidung, f\u00fcr Partner ein Pflegeheim zu suchen, f\u00e4llt sehr schwer. Es ist gut und sehr wertvoll, wenn Sie Ihren Partner so lange es geht selbst pflegen m\u00f6chten. Aber ein Leben alleine beansprucht schon viel Energie, und sich um zwei Menschen gleichzeitig zu k\u00fcmmern st\u00f6\u00dft an die Grenzen des M\u00f6glichen. Ein Pflegeheim erf\u00fcllt genau diesen Zweck. Es ist also keine Schande dabei und Sie sind kein Versager, nur weil Sie die Belastung nicht mehr ertragen. Achten Sie auf Ihre eigene Gesundheit!<\/p>\n\n\n\n<h2 class=\"wp-block-heading\">3 Tipps f\u00fcr den Umgang mit dem Partner mit Demenz<\/h2>\n\n\n\n<ul class=\"wp-block-list\">\n<li>Haben Sie Geduld. Das ist oft leichter gesagt als getan. Aber es ist wichtig, ruhig miteinander zu kommunizieren, denn der Angeh\u00f6rige sp\u00fcrt (und oftmals besser als nicht-Erkrankte), dass Sie belastet und gestresst sind. Das belastet die Beziehung zwischen Ihnen beiden dann noch zus\u00e4tzlich. Geben Sie Ihrem Partner dabei das Gef\u00fchl, dass Sie ihn ernst nehmen und ihm zuh\u00f6ren.<\/li>\n\n\n\n<li>Versuchen Sie, Konfrontationen zu vermeiden. Durch den langsamen Verfall des Verstands f\u00e4llt es Demenz-Erkrankten schwer, Ihr Handeln argumentativ zu begr\u00fcnden und zu rechtfertigen. Diskussionen sind dann sinnlos und f\u00fchren nur zu Streit und Verunsicherung. Versuchen Sie lieber, Ihren Partner von der Sinnhaftigkeit einer Alternative zu \u00fcberzeugen.<\/li>\n\n\n\n<li>Menschen mit Demenz sind in Alltagssituationen h\u00e4ufig \u00fcberfordert. Insbesondere, wenn Dinge passieren, die sie nicht erwartet haben. Oder wenn sie merken, dass Sie etwas nicht mehr k\u00f6nnen und mit Frustration reagieren. Statt einen Angeh\u00f6rigen mit einer \u201eentweder oder\u201c Frage zu irritieren, kann man die Auswahl auf wenige Antwortoptionen reduzieren und zur Not lieber zwei getrennte Fragen stellen. Ihr Vorteil hierbei ist, dass Sie Ihren Partner ja auch schon l\u00e4nger kennen und vor allem seine Pr\u00e4ferenzen. Fragen Sie zum Beispiel nicht \u201eWas m\u00f6chtest du essen?\u201c sondern \u201eM\u00f6chtest du lieber Wurst oder K\u00e4se auf dein Brot?\u201c<\/li>\n<\/ul>\n\n\n\n<h4 class=\"wp-block-heading\">F\u00fcr mehr Ideen und Vorschl\u00e4ge zum Umgang mit Ihrem Partner mit Demenz, schauen Sie doch mal hier vorbei:<\/h4>\n\n\n\n<ul class=\"wp-block-list\">\n<li><a href=\"https:\/\/www.demenz-partner.de\/\" target=\"_blank\" rel=\"noreferrer noopener\">https:\/\/www.demenz-partner.de\/<\/a><\/li>\n\n\n\n<li><a href=\"https:\/\/www.angehoerige-pflegen.de\/\" target=\"_blank\" rel=\"noreferrer noopener\">https:\/\/www.angehoerige-pflegen.de\/<\/a><\/li>\n<\/ul>\n\n\n\n<p>Auch in unserem Blog finden Sie noch viele weitere spannende Themen zum Thema Demenz:<\/p>\n\n\n\n<p><a href=\"https:\/\/memodio-app.com\/en\/blog\/gesund-und-rege-im-alter\/\">Gesund und rege im Alter \u2013 4 Tipps<\/a><\/p>\n\n\n\n<p><a href=\"https:\/\/memodio-app.com\/en\/blog\/mci-definition\/\">MCI \u2013 Was ist das?<\/a><\/p>\n\n\n\n<p><\/p>","protected":false},"excerpt":{"rendered":"<p>F\u00fcr einen Angeh\u00f6rigen ist es oft nicht leicht, wenn der Partner oder die Partnerin die Diagnose\u00a0Demenz\u00a0bekommt. Es beginnt oft mit Kleinigkeiten im Alltag, die nur Ihnen als Partner auffallen. Zu Anfang kann man diese aber noch auf die \u201enormale\u201c, altersbedingte Vergesslichkeit schieben. Im Verlauf werden die kleinen Vergesslichkeiten mehr und am Ende steht die Diagnose [&hellip;]<\/p>\n","protected":false},"author":3,"featured_media":1952,"comment_status":"open","ping_status":"open","sticky":false,"template":"","format":"standard","meta":{"footnotes":""},"categories":[43],"tags":[],"class_list":["post-1951","post","type-post","status-publish","format-standard","has-post-thumbnail","hentry","category-wichtige-infos-fuer-betroffene-und-angehoerige"],"yoast_head":"<!-- This site is optimized with the Yoast SEO plugin v27.2 - https:\/\/yoast.com\/product\/yoast-seo-wordpress\/ -->\n<title>Wie kann ich meinen Partner mit Demenz unterst\u00fctzen? - memodio<\/title>\n<meta name=\"description\" content=\"F\u00fcr eine Beziehung ist es oft nicht leicht, wenn der Partner die Diagnose Demenz bekommt. Dennoch kann man lernen im Alltag damit umzugehen.\" \/>\n<meta name=\"robots\" content=\"index, follow, max-snippet:-1, max-image-preview:large, max-video-preview:-1\" \/>\n<link rel=\"canonical\" href=\"https:\/\/lime-camel-596070.hostingersite.com\/blog\/wie-kann-ich-meinen-partner-mit-demenz-unterstuetzen\/\" \/>\n<meta property=\"og:locale\" content=\"en_US\" \/>\n<meta property=\"og:type\" content=\"article\" \/>\n<meta property=\"og:title\" content=\"Wie kann ich meinen Partner mit Demenz unterst\u00fctzen? - memodio\" \/>\n<meta property=\"og:description\" content=\"F\u00fcr eine Beziehung ist es oft nicht leicht, wenn der Partner die Diagnose Demenz bekommt. Dennoch kann man lernen im Alltag damit umzugehen.\" \/>\n<meta property=\"og:url\" content=\"https:\/\/lime-camel-596070.hostingersite.com\/blog\/wie-kann-ich-meinen-partner-mit-demenz-unterstuetzen\/\" \/>\n<meta property=\"og:site_name\" content=\"memodio\" \/>\n<meta property=\"article:published_time\" content=\"2025-09-23T08:50:21+00:00\" \/>\n<meta property=\"article:modified_time\" content=\"2025-10-15T10:05:45+00:00\" \/>\n<meta property=\"og:image\" content=\"https:\/\/lime-camel-596070.hostingersite.com\/wp-content\/uploads\/2025\/09\/OMi-18.png\" \/>\n\t<meta property=\"og:image:width\" content=\"1920\" \/>\n\t<meta property=\"og:image:height\" content=\"1080\" \/>\n\t<meta property=\"og:image:type\" content=\"image\/png\" \/>\n<meta name=\"author\" content=\"Valentina Weil\" \/>\n<meta name=\"twitter:card\" content=\"summary_large_image\" \/>\n<meta name=\"twitter:label1\" content=\"Written by\" \/>\n\t<meta name=\"twitter:data1\" content=\"Valentina Weil\" \/>\n\t<meta name=\"twitter:label2\" content=\"Est. reading time\" \/>\n\t<meta name=\"twitter:data2\" content=\"4 minutes\" \/>\n<script type=\"application\/ld+json\" class=\"yoast-schema-graph\">{\"@context\":\"https:\/\/schema.org\",\"@graph\":[{\"@type\":\"Article\",\"@id\":\"https:\/\/lime-camel-596070.hostingersite.com\/blog\/wie-kann-ich-meinen-partner-mit-demenz-unterstuetzen\/#article\",\"isPartOf\":{\"@id\":\"https:\/\/lime-camel-596070.hostingersite.com\/blog\/wie-kann-ich-meinen-partner-mit-demenz-unterstuetzen\/\"},\"author\":{\"name\":\"Valentina Weil\",\"@id\":\"https:\/\/lime-camel-596070.hostingersite.com\/#\/schema\/person\/2df8e18e9438c67801372575697bc6c2\"},\"headline\":\"Wie kann ich meinen Partner mit Demenz unterst\u00fctzen?\",\"datePublished\":\"2025-09-23T08:50:21+00:00\",\"dateModified\":\"2025-10-15T10:05:45+00:00\",\"mainEntityOfPage\":{\"@id\":\"https:\/\/lime-camel-596070.hostingersite.com\/blog\/wie-kann-ich-meinen-partner-mit-demenz-unterstuetzen\/\"},\"wordCount\":815,\"commentCount\":0,\"publisher\":{\"@id\":\"https:\/\/lime-camel-596070.hostingersite.com\/#organization\"},\"image\":{\"@id\":\"https:\/\/lime-camel-596070.hostingersite.com\/blog\/wie-kann-ich-meinen-partner-mit-demenz-unterstuetzen\/#primaryimage\"},\"thumbnailUrl\":\"https:\/\/memodio-app.com\/wp-content\/uploads\/2025\/09\/OMi-18.png\",\"articleSection\":[\"Wichtige Infos f\u00fcr Betroffene und Angeh\u00f6rige\"],\"inLanguage\":\"en-US\",\"potentialAction\":[{\"@type\":\"CommentAction\",\"name\":\"Comment\",\"target\":[\"https:\/\/lime-camel-596070.hostingersite.com\/blog\/wie-kann-ich-meinen-partner-mit-demenz-unterstuetzen\/#respond\"]}]},{\"@type\":\"WebPage\",\"@id\":\"https:\/\/lime-camel-596070.hostingersite.com\/blog\/wie-kann-ich-meinen-partner-mit-demenz-unterstuetzen\/\",\"url\":\"https:\/\/lime-camel-596070.hostingersite.com\/blog\/wie-kann-ich-meinen-partner-mit-demenz-unterstuetzen\/\",\"name\":\"Wie kann ich meinen Partner mit Demenz unterst\u00fctzen? - memodio\",\"isPartOf\":{\"@id\":\"https:\/\/lime-camel-596070.hostingersite.com\/#website\"},\"primaryImageOfPage\":{\"@id\":\"https:\/\/lime-camel-596070.hostingersite.com\/blog\/wie-kann-ich-meinen-partner-mit-demenz-unterstuetzen\/#primaryimage\"},\"image\":{\"@id\":\"https:\/\/lime-camel-596070.hostingersite.com\/blog\/wie-kann-ich-meinen-partner-mit-demenz-unterstuetzen\/#primaryimage\"},\"thumbnailUrl\":\"https:\/\/memodio-app.com\/wp-content\/uploads\/2025\/09\/OMi-18.png\",\"datePublished\":\"2025-09-23T08:50:21+00:00\",\"dateModified\":\"2025-10-15T10:05:45+00:00\",\"description\":\"F\u00fcr eine Beziehung ist es oft nicht leicht, wenn der Partner die Diagnose Demenz bekommt. Dennoch kann man lernen im Alltag damit umzugehen.\",\"breadcrumb\":{\"@id\":\"https:\/\/lime-camel-596070.hostingersite.com\/blog\/wie-kann-ich-meinen-partner-mit-demenz-unterstuetzen\/#breadcrumb\"},\"inLanguage\":\"en-US\",\"potentialAction\":[{\"@type\":\"ReadAction\",\"target\":[\"https:\/\/lime-camel-596070.hostingersite.com\/blog\/wie-kann-ich-meinen-partner-mit-demenz-unterstuetzen\/\"]}]},{\"@type\":\"ImageObject\",\"inLanguage\":\"en-US\",\"@id\":\"https:\/\/lime-camel-596070.hostingersite.com\/blog\/wie-kann-ich-meinen-partner-mit-demenz-unterstuetzen\/#primaryimage\",\"url\":\"https:\/\/memodio-app.com\/wp-content\/uploads\/2025\/09\/OMi-18.png\",\"contentUrl\":\"https:\/\/memodio-app.com\/wp-content\/uploads\/2025\/09\/OMi-18.png\",\"width\":1920,\"height\":1080},{\"@type\":\"BreadcrumbList\",\"@id\":\"https:\/\/lime-camel-596070.hostingersite.com\/blog\/wie-kann-ich-meinen-partner-mit-demenz-unterstuetzen\/#breadcrumb\",\"itemListElement\":[{\"@type\":\"ListItem\",\"position\":1,\"name\":\"Home\",\"item\":\"https:\/\/memodio-app.com\/\"},{\"@type\":\"ListItem\",\"position\":2,\"name\":\"Wie kann ich meinen Partner mit Demenz unterst\u00fctzen?\"}]},{\"@type\":\"WebSite\",\"@id\":\"https:\/\/lime-camel-596070.hostingersite.com\/#website\",\"url\":\"https:\/\/lime-camel-596070.hostingersite.com\/\",\"name\":\"memodio\",\"description\":\"\",\"publisher\":{\"@id\":\"https:\/\/lime-camel-596070.hostingersite.com\/#organization\"},\"potentialAction\":[{\"@type\":\"SearchAction\",\"target\":{\"@type\":\"EntryPoint\",\"urlTemplate\":\"https:\/\/lime-camel-596070.hostingersite.com\/?s={search_term_string}\"},\"query-input\":{\"@type\":\"PropertyValueSpecification\",\"valueRequired\":true,\"valueName\":\"search_term_string\"}}],\"inLanguage\":\"en-US\"},{\"@type\":\"Organization\",\"@id\":\"https:\/\/lime-camel-596070.hostingersite.com\/#organization\",\"name\":\"memodio GmbH\",\"url\":\"https:\/\/lime-camel-596070.hostingersite.com\/\",\"logo\":{\"@type\":\"ImageObject\",\"inLanguage\":\"en-US\",\"@id\":\"https:\/\/lime-camel-596070.hostingersite.com\/#\/schema\/logo\/image\/\",\"url\":\"https:\/\/memodio-app.com\/wp-content\/uploads\/2025\/08\/logo_text_black.svg\",\"contentUrl\":\"https:\/\/memodio-app.com\/wp-content\/uploads\/2025\/08\/logo_text_black.svg\",\"width\":311,\"height\":64,\"caption\":\"memodio GmbH\"},\"image\":{\"@id\":\"https:\/\/lime-camel-596070.hostingersite.com\/#\/schema\/logo\/image\/\"}},{\"@type\":\"Person\",\"@id\":\"https:\/\/lime-camel-596070.hostingersite.com\/#\/schema\/person\/2df8e18e9438c67801372575697bc6c2\",\"name\":\"Valentina Weil\",\"image\":{\"@type\":\"ImageObject\",\"inLanguage\":\"en-US\",\"@id\":\"https:\/\/memodio-app.com\/wp-content\/litespeed\/avatar\/82d3e12283859ddc75c23ce4b23c802b.jpg?ver=1776868394\",\"url\":\"https:\/\/memodio-app.com\/wp-content\/litespeed\/avatar\/82d3e12283859ddc75c23ce4b23c802b.jpg?ver=1776868394\",\"contentUrl\":\"https:\/\/memodio-app.com\/wp-content\/litespeed\/avatar\/82d3e12283859ddc75c23ce4b23c802b.jpg?ver=1776868394\",\"caption\":\"Valentina Weil\"},\"url\":\"https:\/\/memodio-app.com\/en\/blog\/author\/valentina-weilmemodio-app-com\/\"}]}<\/script>\n<!-- \/ Yoast SEO plugin. -->","yoast_head_json":{"title":"Wie kann ich meinen Partner mit Demenz unterst\u00fctzen? - memodio","description":"F\u00fcr eine Beziehung ist es oft nicht leicht, wenn der Partner die Diagnose Demenz bekommt. Dennoch kann man lernen im Alltag damit umzugehen.","robots":{"index":"index","follow":"follow","max-snippet":"max-snippet:-1","max-image-preview":"max-image-preview:large","max-video-preview":"max-video-preview:-1"},"canonical":"https:\/\/lime-camel-596070.hostingersite.com\/blog\/wie-kann-ich-meinen-partner-mit-demenz-unterstuetzen\/","og_locale":"en_US","og_type":"article","og_title":"Wie kann ich meinen Partner mit Demenz unterst\u00fctzen? - memodio","og_description":"F\u00fcr eine Beziehung ist es oft nicht leicht, wenn der Partner die Diagnose Demenz bekommt. Dennoch kann man lernen im Alltag damit umzugehen.","og_url":"https:\/\/lime-camel-596070.hostingersite.com\/blog\/wie-kann-ich-meinen-partner-mit-demenz-unterstuetzen\/","og_site_name":"memodio","article_published_time":"2025-09-23T08:50:21+00:00","article_modified_time":"2025-10-15T10:05:45+00:00","og_image":[{"width":1920,"height":1080,"url":"https:\/\/lime-camel-596070.hostingersite.com\/wp-content\/uploads\/2025\/09\/OMi-18.png","type":"image\/png"}],"author":"Valentina Weil","twitter_card":"summary_large_image","twitter_misc":{"Written by":"Valentina Weil","Est. reading time":"4 minutes"},"schema":{"@context":"https:\/\/schema.org","@graph":[{"@type":"Article","@id":"https:\/\/lime-camel-596070.hostingersite.com\/blog\/wie-kann-ich-meinen-partner-mit-demenz-unterstuetzen\/#article","isPartOf":{"@id":"https:\/\/lime-camel-596070.hostingersite.com\/blog\/wie-kann-ich-meinen-partner-mit-demenz-unterstuetzen\/"},"author":{"name":"Valentina Weil","@id":"https:\/\/lime-camel-596070.hostingersite.com\/#\/schema\/person\/2df8e18e9438c67801372575697bc6c2"},"headline":"Wie kann ich meinen Partner mit Demenz unterst\u00fctzen?","datePublished":"2025-09-23T08:50:21+00:00","dateModified":"2025-10-15T10:05:45+00:00","mainEntityOfPage":{"@id":"https:\/\/lime-camel-596070.hostingersite.com\/blog\/wie-kann-ich-meinen-partner-mit-demenz-unterstuetzen\/"},"wordCount":815,"commentCount":0,"publisher":{"@id":"https:\/\/lime-camel-596070.hostingersite.com\/#organization"},"image":{"@id":"https:\/\/lime-camel-596070.hostingersite.com\/blog\/wie-kann-ich-meinen-partner-mit-demenz-unterstuetzen\/#primaryimage"},"thumbnailUrl":"https:\/\/memodio-app.com\/wp-content\/uploads\/2025\/09\/OMi-18.png","articleSection":["Wichtige Infos f\u00fcr Betroffene und Angeh\u00f6rige"],"inLanguage":"en-US","potentialAction":[{"@type":"CommentAction","name":"Comment","target":["https:\/\/lime-camel-596070.hostingersite.com\/blog\/wie-kann-ich-meinen-partner-mit-demenz-unterstuetzen\/#respond"]}]},{"@type":"WebPage","@id":"https:\/\/lime-camel-596070.hostingersite.com\/blog\/wie-kann-ich-meinen-partner-mit-demenz-unterstuetzen\/","url":"https:\/\/lime-camel-596070.hostingersite.com\/blog\/wie-kann-ich-meinen-partner-mit-demenz-unterstuetzen\/","name":"Wie kann ich meinen Partner mit Demenz unterst\u00fctzen? - memodio","isPartOf":{"@id":"https:\/\/lime-camel-596070.hostingersite.com\/#website"},"primaryImageOfPage":{"@id":"https:\/\/lime-camel-596070.hostingersite.com\/blog\/wie-kann-ich-meinen-partner-mit-demenz-unterstuetzen\/#primaryimage"},"image":{"@id":"https:\/\/lime-camel-596070.hostingersite.com\/blog\/wie-kann-ich-meinen-partner-mit-demenz-unterstuetzen\/#primaryimage"},"thumbnailUrl":"https:\/\/memodio-app.com\/wp-content\/uploads\/2025\/09\/OMi-18.png","datePublished":"2025-09-23T08:50:21+00:00","dateModified":"2025-10-15T10:05:45+00:00","description":"F\u00fcr eine Beziehung ist es oft nicht leicht, wenn der Partner die Diagnose Demenz bekommt. Dennoch kann man lernen im Alltag damit umzugehen.","breadcrumb":{"@id":"https:\/\/lime-camel-596070.hostingersite.com\/blog\/wie-kann-ich-meinen-partner-mit-demenz-unterstuetzen\/#breadcrumb"},"inLanguage":"en-US","potentialAction":[{"@type":"ReadAction","target":["https:\/\/lime-camel-596070.hostingersite.com\/blog\/wie-kann-ich-meinen-partner-mit-demenz-unterstuetzen\/"]}]},{"@type":"ImageObject","inLanguage":"en-US","@id":"https:\/\/lime-camel-596070.hostingersite.com\/blog\/wie-kann-ich-meinen-partner-mit-demenz-unterstuetzen\/#primaryimage","url":"https:\/\/memodio-app.com\/wp-content\/uploads\/2025\/09\/OMi-18.png","contentUrl":"https:\/\/memodio-app.com\/wp-content\/uploads\/2025\/09\/OMi-18.png","width":1920,"height":1080},{"@type":"BreadcrumbList","@id":"https:\/\/lime-camel-596070.hostingersite.com\/blog\/wie-kann-ich-meinen-partner-mit-demenz-unterstuetzen\/#breadcrumb","itemListElement":[{"@type":"ListItem","position":1,"name":"Home","item":"https:\/\/memodio-app.com\/"},{"@type":"ListItem","position":2,"name":"Wie kann ich meinen Partner mit Demenz unterst\u00fctzen?"}]},{"@type":"WebSite","@id":"https:\/\/lime-camel-596070.hostingersite.com\/#website","url":"https:\/\/lime-camel-596070.hostingersite.com\/","name":"memodio","description":"","publisher":{"@id":"https:\/\/lime-camel-596070.hostingersite.com\/#organization"},"potentialAction":[{"@type":"SearchAction","target":{"@type":"EntryPoint","urlTemplate":"https:\/\/lime-camel-596070.hostingersite.com\/?s={search_term_string}"},"query-input":{"@type":"PropertyValueSpecification","valueRequired":true,"valueName":"search_term_string"}}],"inLanguage":"en-US"},{"@type":"Organization","@id":"https:\/\/lime-camel-596070.hostingersite.com\/#organization","name":"memodio GmbH","url":"https:\/\/lime-camel-596070.hostingersite.com\/","logo":{"@type":"ImageObject","inLanguage":"en-US","@id":"https:\/\/lime-camel-596070.hostingersite.com\/#\/schema\/logo\/image\/","url":"https:\/\/memodio-app.com\/wp-content\/uploads\/2025\/08\/logo_text_black.svg","contentUrl":"https:\/\/memodio-app.com\/wp-content\/uploads\/2025\/08\/logo_text_black.svg","width":311,"height":64,"caption":"memodio GmbH"},"image":{"@id":"https:\/\/lime-camel-596070.hostingersite.com\/#\/schema\/logo\/image\/"}},{"@type":"Person","@id":"https:\/\/lime-camel-596070.hostingersite.com\/#\/schema\/person\/2df8e18e9438c67801372575697bc6c2","name":"Valentina Weil","image":{"@type":"ImageObject","inLanguage":"en-US","@id":"https:\/\/memodio-app.com\/wp-content\/litespeed\/avatar\/82d3e12283859ddc75c23ce4b23c802b.jpg?ver=1776868394","url":"https:\/\/memodio-app.com\/wp-content\/litespeed\/avatar\/82d3e12283859ddc75c23ce4b23c802b.jpg?ver=1776868394","contentUrl":"https:\/\/memodio-app.com\/wp-content\/litespeed\/avatar\/82d3e12283859ddc75c23ce4b23c802b.jpg?ver=1776868394","caption":"Valentina Weil"},"url":"https:\/\/memodio-app.com\/en\/blog\/author\/valentina-weilmemodio-app-com\/"}]}},"_links":{"self":[{"href":"https:\/\/memodio-app.com\/en\/wp-json\/wp\/v2\/posts\/1951","targetHints":{"allow":["GET"]}}],"collection":[{"href":"https:\/\/memodio-app.com\/en\/wp-json\/wp\/v2\/posts"}],"about":[{"href":"https:\/\/memodio-app.com\/en\/wp-json\/wp\/v2\/types\/post"}],"author":[{"embeddable":true,"href":"https:\/\/memodio-app.com\/en\/wp-json\/wp\/v2\/users\/3"}],"replies":[{"embeddable":true,"href":"https:\/\/memodio-app.com\/en\/wp-json\/wp\/v2\/comments?post=1951"}],"version-history":[{"count":1,"href":"https:\/\/memodio-app.com\/en\/wp-json\/wp\/v2\/posts\/1951\/revisions"}],"predecessor-version":[{"id":1954,"href":"https:\/\/memodio-app.com\/en\/wp-json\/wp\/v2\/posts\/1951\/revisions\/1954"}],"wp:featuredmedia":[{"embeddable":true,"href":"https:\/\/memodio-app.com\/en\/wp-json\/wp\/v2\/media\/1952"}],"wp:attachment":[{"href":"https:\/\/memodio-app.com\/en\/wp-json\/wp\/v2\/media?parent=1951"}],"wp:term":[{"taxonomy":"category","embeddable":true,"href":"https:\/\/memodio-app.com\/en\/wp-json\/wp\/v2\/categories?post=1951"},{"taxonomy":"post_tag","embeddable":true,"href":"https:\/\/memodio-app.com\/en\/wp-json\/wp\/v2\/tags?post=1951"}],"curies":[{"name":"wp","href":"https:\/\/api.w.org\/{rel}","templated":true}]}}