{"id":1928,"date":"2025-09-23T07:35:09","date_gmt":"2025-09-23T07:35:09","guid":{"rendered":"https:\/\/memodio-app.com\/?p=1928"},"modified":"2025-10-15T10:07:45","modified_gmt":"2025-10-15T10:07:45","slug":"chaos-im-kopf","status":"publish","type":"post","link":"https:\/\/memodio-app.com\/en\/blog\/chaos-im-kopf\/","title":{"rendered":"Chaos im Kopf: Ursachen f\u00fcr die kognitive St\u00f6rung"},"content":{"rendered":"<p>Wenn das Gehirn streikt, herrscht\u00a0<strong>Chaos im Kopf<\/strong>. Kognitive St\u00f6rungen k\u00f6nnen sich durch Symptome wie Verwirrung, Konzentrationsschw\u00e4che und Ged\u00e4chtnisprobleme bemerkbar machen. Diese Beeintr\u00e4chtigungen k\u00f6nnen verschiedene Ursachen haben, von neurodegenerativen Erkrankungen bis hin zu den Auswirkungen von Vergiftungen. Dieser Artikel beleuchtet die komplexen Ursachen hinter dem \u201aChaos im Kopf\u2018 und bietet Einblicke in die verschiedenen Faktoren, die zu zu einer\u00a0<a href=\"https:\/\/memodio-app.com\/en\/blog\/mci-definition\/\">leichten kognitiven St\u00f6rungen<\/a>\u00a0f\u00fchren k\u00f6nnen.<\/p>\n\n\n\n<h2 class=\"wp-block-heading\">Die Alzheimer-Krankheit<\/h2>\n\n\n\n<p>Die Alzheimer-Krankheit ist die Krankheit, die auch zur Alzheimer-Demenz f\u00fchrt. Hier lagern sich \u00fcber Jahre hinweg falsch gefaltete Proteine (Eiwei\u00dfe) im Gehirn ab. Durch diese Verklumpungen sterben letztendlich die Nervenzellen ab und das Gehirn schrumpft.<\/p>\n\n\n\n<div class=\"wp-block-group my-infobox is-layout-constrained wp-block-group-is-layout-constrained\">\n<h3 class=\"wp-block-heading\">Definition: Alzheimer-Demenz<\/h3>\n\n\n\n<p>Eine der bekanntesten und am meisten gef\u00fcrchteten neurodegenerativen Erkrankungen. Sie ist durch das schrittweise Absterben von Nervenzellen und eine fortschreitende Schrumpfung des Gehirns gekennzeichnet. Alzheimer beginnt oft schleichend und kann lange unerkannt bleiben.<\/p>\n<\/div>\n\n\n\n<p>Bis es so weit kommt, gibt es allerdings einige Vorstadien. Manche Menschen haben zwar Alzheimer-Typische Verklumpungen, aber sie entwickeln nie die demenziellen Symptome! Zu Beginn der Erkrankung treten meist keine Symptome auf. Es kann Jahre oder sogar Jahrzehnte dauern, bis Ver\u00e4nderungen auftreten.<\/p>\n\n\n\n<div class=\"wp-block-group my-infobox is-layout-constrained wp-block-group-is-layout-constrained\">\n<h3 class=\"wp-block-heading\">Fr\u00fche Stadien<\/h3>\n\n\n\n<p>Bevor Alzheimer-Demenz diagnostiziert wird, durchlaufen viele Menschen Phasen des subjektiven kognitiven Verfalls und der leichten kognitiven Beeintr\u00e4chtigung (MCI), in denen sie eine Verschlechterung ihrer geistigen F\u00e4higkeiten bemerken, ohne dass eine Demenz vorliegt.<\/p>\n<\/div>\n\n\n\n<p>Das f\u00e4llt Betroffenen manchmal auf und sie versp\u00fcren einen Leidensdruck. Diese Phase bezeichnet man als \u201csubjective cognitive decline\u201d, also subjektiv wahrgenommenen kognitiven Verfall. Eine MCI (\u201cmild cognitive impairment\u201d oder: leichte kognitive St\u00f6rung) oder Demenz ist hier noch nicht diagnostizierbar. Allerdings werden die geistigen F\u00e4higkeiten sp\u00fcrbar schlechter.Verschlechtert sich diese, f\u00fchrt sie zu einer Alzheimer-Demenz. Dementsprechend geht jeder Alzheimer-Demenz eine MCI-AD voraus, aber nicht jede MCI f\u00fchrt in die Demenz.<\/p>\n\n\n\n<p>Der Unterschied zwischen Alzheimer und Demenz ist&nbsp;<a href=\"https:\/\/memodio-app.com\/en\/blog\/unterschied-alzheimer-und-demenz\/\">hier noch einmal f\u00fcr Sie erkl\u00e4rt.<\/a><\/p>\n\n\n\n<figure class=\"wp-block-image aligncenter size-full is-resized has-custom-border\"><img fetchpriority=\"high\" decoding=\"async\" width=\"940\" height=\"788\" src=\"https:\/\/memodio-app.com\/wp-content\/uploads\/2025\/09\/VergesslicheOmi-16-1.png\" alt=\"\" class=\"wp-image-1929\" style=\"border-radius:35px;width:556px;height:auto\" srcset=\"https:\/\/memodio-app.com\/wp-content\/uploads\/2025\/09\/VergesslicheOmi-16-1.png 940w, https:\/\/memodio-app.com\/wp-content\/uploads\/2025\/09\/VergesslicheOmi-16-1-300x251.png 300w, https:\/\/memodio-app.com\/wp-content\/uploads\/2025\/09\/VergesslicheOmi-16-1-768x644.png 768w, https:\/\/memodio-app.com\/wp-content\/uploads\/2025\/09\/VergesslicheOmi-16-1-14x12.png 14w\" sizes=\"(max-width: 940px) 100vw, 940px\" \/><figcaption class=\"wp-element-caption\">Kognitive St\u00f6rungen k\u00f6nnen viele Ursachen haben und sich auf unterschiedlichste Weise bemerkbar machen \u2013\u00a0auch im Alltag.<br><\/figcaption><\/figure>\n\n\n\n<h2 class=\"wp-block-heading\">Infektionen als Ausl\u00f6ser<\/h2>\n\n\n\n<p>Eine weitere Ursache f\u00fcr Chaos im Kopf k\u00f6nnen Infektionen sein. Diese sind h\u00e4ufig viraler Natur. Das hei\u00dft: ein Mensch infiziert sich mit einem Virus, z. B. SARS-CoV-2, FSME (Zecken!) oder Herpes-Simplex.<\/p>\n\n\n\n<div class=\"wp-block-group my-infobox is-layout-constrained wp-block-group-is-layout-constrained\">\n<h3 class=\"wp-block-heading\">Virale Infektionen<\/h3>\n\n\n\n<p>Verschiedene Viren, einschlie\u00dflich SARS-CoV-2, FSME und Herpes-Simplex, k\u00f6nnen das Gehirn direkt angreifen oder eine Encephalitis \u2013 eine Entz\u00fcndung des Gehirns \u2013 verursachen.<\/p>\n<\/div>\n\n\n\n<p>H\u00e4ufig hat die Infektion keine langfristigen Folgen. In einigen F\u00e4llen greift das Virus aber auch Teile des Gehirns an, oder es kommt zu einer sogenannten Encephalitis. Darunter versteht man eine Entz\u00fcndung des Gehirns.<\/p>\n\n\n\n<p>Auch durch die entz\u00fcndlichen Prozesse im K\u00f6rper gelangen Entz\u00fcndungsbotenstoffe \u00fcber den Blutkreislauf ins Gehirn und k\u00f6nnen sich auf dieses auswirken. So kommt es ebenfalls zu einem Absterben von Nervenzellen. Abh\u00e4ngig davon, wo die Zellen absterben, sind unterschiedliche Funktionen betroffen.<\/p>\n\n\n\n<p>Es ist schwer zu sagen, wie h\u00e4ufig eine MCI nach einer Infektion auftritt. Oft wird sie nicht explizit diagnostiziert und die Raten sind von Virus zu Virus unterschiedlich.<\/p>\n\n\n\n<p>Als Beispiel: Eine Studie von Hahn et al. (2012) untersuchte Patient:innen, die zuvor eine akute Encephalitis nach einer Herpes-Simplex-Virus Typ 1 Infektion erlitten hatten.<\/p>\n\n\n\n<p>40-58% (!) der Patient:innen hatten nach der Encephalitis schwere Ged\u00e4chtnisst\u00f6rungen. Auch 3 Jahre nach der Encephalitis zeigten 80% immer noch leichte kognitive Beeintr\u00e4chtigungen.<\/p>\n\n\n\n<div class=\"wp-block-group my-infobox is-layout-constrained wp-block-group-is-layout-constrained\">\n<h3 class=\"wp-block-heading\">Langzeitfolgen<\/h3>\n\n\n\n<p>W\u00e4hrend viele Menschen sich vollst\u00e4ndig von solchen Infektionen erholen, k\u00f6nnen einige dauerhafte kognitive Beeintr\u00e4chtigungen erleiden. Eine Studie zeigt beispielsweise, dass nach einer akuten Herpes-Simplex-Enzephalitis ein erheblicher Prozentsatz der Patienten langfristige Ged\u00e4chtnisprobleme.<\/p>\n<\/div>\n\n\n\n<h2 class=\"wp-block-heading\">Die Rolle von Vergiftungen<\/h2>\n\n\n\n<p>Bei einer Vergiftung durch Drogenkonsum, bestimmte Medikamente oder auch Gase k\u00f6nnen kognitive Beeintr\u00e4chtigungen verursacht werden.<\/p>\n\n\n\n<p>Alkohol ist, auch wenn gesellschaftlich akzeptiert, ein Nervengift. Als solches hat es nicht nur Auswirkungen auf unsere Leber, sondern nat\u00fcrlich auch auf das Gehirn! Schon w\u00e4hrend des Rausches bemerken wir z. B. ein gest\u00f6rtes&nbsp;<strong>Gleichgewicht<\/strong>, Probleme mit der&nbsp;<strong>Sprachproduktion<\/strong>,&nbsp;<strong>Desorientierung&nbsp;<\/strong>und&nbsp;<strong>Enthemmung<\/strong>.<\/p>\n\n\n\n<p>Betroffen sind bei Alkohol vor allem das&nbsp;<strong>Frontalhirn&nbsp;<\/strong>und das&nbsp;<strong>Kleinhirn<\/strong>, das Cerebellum.<\/p>\n\n\n\n<p>Das Frontalhirn ist die&nbsp;<strong>Kontrollzentrale&nbsp;<\/strong>f\u00fcr unser Verhalten \u2013 Arbeitsged\u00e4chtnis, Konzentration und Aufmerksamkeit werden hier gesteuert. Auch&nbsp;<strong>komplexe F\u00e4higkeiten<\/strong>&nbsp;wie die Regulation von Emotionen, Handlungsplanung und Entscheidungsfindung sind hier verortet.<\/p>\n\n\n\n<p>Das Cerebellum ist f\u00fcr seine Rolle in der K\u00f6rperhaltung, Bewegung und der Steuerung autonomer Funktion wie dem Atmen und Herzschlag bekannt. Auch die Erinnerung von Bewegungsabl\u00e4ufen findet teilweise hier statt.<\/p>\n\n\n\n<p>Bei einem geringen Konsum werden diese Gehirnbereiche vor\u00fcbergehend beeintr\u00e4chtigt, bei starkem und anhaltendem Konsum (z. B. bei einer Alkoholsucht) f\u00fchrt das aber auch zum<strong>&nbsp;Absterben der grauen Zellen<\/strong>. Bildgebende Studien zeigen: nach einer Alkoholsucht kann das Frontalhirn um&nbsp;<strong>23%<\/strong>&nbsp;schrumpfen!<\/p>\n\n\n\n<p>Auch die&nbsp;<strong>wei\u00dfen&nbsp;<\/strong>Zellen, die die grauen Zellen wie Kabel isolieren und so die Kommunikationsgeschwindigkeit erh\u00f6hen, k\u00f6nnen angegriffen werden. So kommt es zu einer allgemeinen Verlangsamung kognitiver Prozesse.<\/p>\n\n\n\n<div class=\"wp-block-group my-infobox is-layout-constrained wp-block-group-is-layout-constrained\">\n<h3 class=\"wp-block-heading\">Langfristige Auswirkungen<\/h3>\n\n\n\n<p>Chronischer Missbrauch solcher Substanzen kann zu einer dauerhaften Beeintr\u00e4chtigung der Gehirnfunktion f\u00fchren. Bildgebende Verfahren zeigen beispielsweise eine signifikante Schrumpfung des Frontalhirns nach langanhaltendem Alkoholmissbrauch.<\/p>\n<\/div>\n\n\n\n<p>Wichtig sind auch\u00a0<strong>Botenstoffe\u00a0<\/strong>wie z. B. Dopamin. Dieses regelt, wann unsere Zellen feuern und miteinander kommunizieren. Bei manchen Drogen (z. B. Crystal Meth) wird beim High so viel Dopamin ausgesch\u00fcttet, dass die Sensoren daf\u00fcr \u201eabstumpfen\u201c. Dadurch kommt das System aus dem Gleichgewicht. Das k\u00f6rpereigene Dopamin reicht nicht aus, um eine normale Funktion des Gehirns zu erreichen. Die Folge kann eine\u00a0<strong>kognitive Beeintr\u00e4chtigung<\/strong>\u00a0sein.<\/p>\n\n\n\n<figure class=\"wp-block-image aligncenter size-full is-resized has-custom-border\"><img decoding=\"async\" width=\"940\" height=\"788\" src=\"https:\/\/memodio-app.com\/wp-content\/uploads\/2025\/09\/VergesslicheOmi-17.png\" alt=\"\" class=\"wp-image-1930\" style=\"border-radius:35px;width:423px;height:auto\" srcset=\"https:\/\/memodio-app.com\/wp-content\/uploads\/2025\/09\/VergesslicheOmi-17.png 940w, https:\/\/memodio-app.com\/wp-content\/uploads\/2025\/09\/VergesslicheOmi-17-300x251.png 300w, https:\/\/memodio-app.com\/wp-content\/uploads\/2025\/09\/VergesslicheOmi-17-768x644.png 768w, https:\/\/memodio-app.com\/wp-content\/uploads\/2025\/09\/VergesslicheOmi-17-14x12.png 14w\" sizes=\"(max-width: 940px) 100vw, 940px\" \/><figcaption class=\"wp-element-caption\">F\u00fcr den Fall das Sie f\u00fcr allt\u00e4gliche Denkprozesse etwas l\u00e4nger brauchen empfehlen wir Ihnen die memodio-App.<\/figcaption><\/figure>\n\n\n\n<h2 class=\"wp-block-heading\">Zusammenfassung<\/h2>\n\n\n\n<p>Kognitive St\u00f6rungen k\u00f6nnen vielf\u00e4ltige Ursachen haben, von neurodegenerativen Erkrankungen wie Alzheimer bis hin zu den Folgen von Infektionen und Vergiftungen. Ein besseres Verst\u00e4ndnis dieser Ursachen kann zu effektiveren Pr\u00e4ventions- und Behandlungsstrategien f\u00fchren und somit helfen, die Gehirngesundheit zu erhalten und zu f\u00f6rdern. Wichtig ist es, die Fr\u00fchzeichen zu erkennen und bei Verdacht auf kognitive Beeintr\u00e4chtigungen professionelle Hilfe in Anspruch zu nehmen. Eine M\u00f6glichkeit ist die memodio-App, die Nutzern dabei hilft, ihr Gehirn zu trainieren und dem kognitiven Verfall entgegenzuwirken.<\/p>","protected":false},"excerpt":{"rendered":"<p>Wenn das Gehirn streikt, herrscht\u00a0Chaos im Kopf. Kognitive St\u00f6rungen k\u00f6nnen sich durch Symptome wie Verwirrung, Konzentrationsschw\u00e4che und Ged\u00e4chtnisprobleme bemerkbar machen. Diese Beeintr\u00e4chtigungen k\u00f6nnen verschiedene Ursachen haben, von neurodegenerativen Erkrankungen bis hin zu den Auswirkungen von Vergiftungen. Dieser Artikel beleuchtet die komplexen Ursachen hinter dem \u201aChaos im Kopf\u2018 und bietet Einblicke in die verschiedenen Faktoren, die [&hellip;]<\/p>\n","protected":false},"author":3,"featured_media":1933,"comment_status":"open","ping_status":"open","sticky":false,"template":"","format":"standard","meta":{"footnotes":""},"categories":[41],"tags":[],"class_list":["post-1928","post","type-post","status-publish","format-standard","has-post-thumbnail","hentry","category-fruehe-demenz-erkennen"],"yoast_head":"<!-- This site is optimized with the Yoast SEO plugin v27.2 - https:\/\/yoast.com\/product\/yoast-seo-wordpress\/ -->\n<title>Chaos im Kopf: Ursachen f\u00fcr die kognitive St\u00f6rung - memodio<\/title>\n<meta name=\"description\" content=\"Verwirrung, Orientierungsverlust, Konzentrationsschw\u00e4che: Wie entsteht das Chaos im Kopf? Welche verschiedenen Ursachen stecken dahinter?\" \/>\n<meta name=\"robots\" content=\"index, follow, max-snippet:-1, max-image-preview:large, max-video-preview:-1\" \/>\n<link rel=\"canonical\" href=\"https:\/\/lime-camel-596070.hostingersite.com\/blog\/chaos-im-kopf\/\" \/>\n<meta property=\"og:locale\" content=\"en_US\" \/>\n<meta property=\"og:type\" content=\"article\" \/>\n<meta property=\"og:title\" content=\"Chaos im Kopf: Ursachen f\u00fcr die kognitive St\u00f6rung - memodio\" \/>\n<meta property=\"og:description\" content=\"Verwirrung, Orientierungsverlust, Konzentrationsschw\u00e4che: Wie entsteht das Chaos im Kopf? Welche verschiedenen Ursachen stecken dahinter?\" \/>\n<meta property=\"og:url\" content=\"https:\/\/lime-camel-596070.hostingersite.com\/blog\/chaos-im-kopf\/\" \/>\n<meta property=\"og:site_name\" content=\"memodio\" \/>\n<meta property=\"article:published_time\" content=\"2025-09-23T07:35:09+00:00\" \/>\n<meta property=\"article:modified_time\" content=\"2025-10-15T10:07:45+00:00\" \/>\n<meta property=\"og:image\" content=\"https:\/\/lime-camel-596070.hostingersite.com\/wp-content\/uploads\/2025\/09\/OMi-13-1-1024x576.png\" \/>\n\t<meta property=\"og:image:width\" content=\"1024\" \/>\n\t<meta property=\"og:image:height\" content=\"576\" \/>\n\t<meta property=\"og:image:type\" content=\"image\/png\" \/>\n<meta name=\"author\" content=\"Valentina Weil\" \/>\n<meta name=\"twitter:card\" content=\"summary_large_image\" \/>\n<meta name=\"twitter:label1\" content=\"Written by\" \/>\n\t<meta name=\"twitter:data1\" content=\"Valentina Weil\" \/>\n\t<meta name=\"twitter:label2\" content=\"Est. reading time\" \/>\n\t<meta name=\"twitter:data2\" content=\"5 minutes\" \/>\n<script type=\"application\/ld+json\" class=\"yoast-schema-graph\">{\"@context\":\"https:\/\/schema.org\",\"@graph\":[{\"@type\":\"Article\",\"@id\":\"https:\/\/lime-camel-596070.hostingersite.com\/blog\/chaos-im-kopf\/#article\",\"isPartOf\":{\"@id\":\"https:\/\/lime-camel-596070.hostingersite.com\/blog\/chaos-im-kopf\/\"},\"author\":{\"name\":\"Valentina Weil\",\"@id\":\"https:\/\/lime-camel-596070.hostingersite.com\/#\/schema\/person\/2df8e18e9438c67801372575697bc6c2\"},\"headline\":\"Chaos im Kopf: Ursachen f\u00fcr die kognitive St\u00f6rung\",\"datePublished\":\"2025-09-23T07:35:09+00:00\",\"dateModified\":\"2025-10-15T10:07:45+00:00\",\"mainEntityOfPage\":{\"@id\":\"https:\/\/lime-camel-596070.hostingersite.com\/blog\/chaos-im-kopf\/\"},\"wordCount\":1045,\"commentCount\":0,\"publisher\":{\"@id\":\"https:\/\/lime-camel-596070.hostingersite.com\/#organization\"},\"image\":{\"@id\":\"https:\/\/lime-camel-596070.hostingersite.com\/blog\/chaos-im-kopf\/#primaryimage\"},\"thumbnailUrl\":\"https:\/\/memodio-app.com\/wp-content\/uploads\/2025\/09\/OMi-13-1.png\",\"articleSection\":[\"Fr\u00fche Demenz erkennen\"],\"inLanguage\":\"en-US\",\"potentialAction\":[{\"@type\":\"CommentAction\",\"name\":\"Comment\",\"target\":[\"https:\/\/lime-camel-596070.hostingersite.com\/blog\/chaos-im-kopf\/#respond\"]}]},{\"@type\":\"WebPage\",\"@id\":\"https:\/\/lime-camel-596070.hostingersite.com\/blog\/chaos-im-kopf\/\",\"url\":\"https:\/\/lime-camel-596070.hostingersite.com\/blog\/chaos-im-kopf\/\",\"name\":\"Chaos im Kopf: Ursachen f\u00fcr die kognitive St\u00f6rung - memodio\",\"isPartOf\":{\"@id\":\"https:\/\/lime-camel-596070.hostingersite.com\/#website\"},\"primaryImageOfPage\":{\"@id\":\"https:\/\/lime-camel-596070.hostingersite.com\/blog\/chaos-im-kopf\/#primaryimage\"},\"image\":{\"@id\":\"https:\/\/lime-camel-596070.hostingersite.com\/blog\/chaos-im-kopf\/#primaryimage\"},\"thumbnailUrl\":\"https:\/\/memodio-app.com\/wp-content\/uploads\/2025\/09\/OMi-13-1.png\",\"datePublished\":\"2025-09-23T07:35:09+00:00\",\"dateModified\":\"2025-10-15T10:07:45+00:00\",\"description\":\"Verwirrung, Orientierungsverlust, Konzentrationsschw\u00e4che: Wie entsteht das Chaos im Kopf? Welche verschiedenen Ursachen stecken dahinter?\",\"breadcrumb\":{\"@id\":\"https:\/\/lime-camel-596070.hostingersite.com\/blog\/chaos-im-kopf\/#breadcrumb\"},\"inLanguage\":\"en-US\",\"potentialAction\":[{\"@type\":\"ReadAction\",\"target\":[\"https:\/\/lime-camel-596070.hostingersite.com\/blog\/chaos-im-kopf\/\"]}]},{\"@type\":\"ImageObject\",\"inLanguage\":\"en-US\",\"@id\":\"https:\/\/lime-camel-596070.hostingersite.com\/blog\/chaos-im-kopf\/#primaryimage\",\"url\":\"https:\/\/memodio-app.com\/wp-content\/uploads\/2025\/09\/OMi-13-1.png\",\"contentUrl\":\"https:\/\/memodio-app.com\/wp-content\/uploads\/2025\/09\/OMi-13-1.png\",\"width\":1920,\"height\":1080},{\"@type\":\"BreadcrumbList\",\"@id\":\"https:\/\/lime-camel-596070.hostingersite.com\/blog\/chaos-im-kopf\/#breadcrumb\",\"itemListElement\":[{\"@type\":\"ListItem\",\"position\":1,\"name\":\"Home\",\"item\":\"https:\/\/memodio-app.com\/\"},{\"@type\":\"ListItem\",\"position\":2,\"name\":\"Chaos im Kopf: Ursachen f\u00fcr die kognitive St\u00f6rung\"}]},{\"@type\":\"WebSite\",\"@id\":\"https:\/\/lime-camel-596070.hostingersite.com\/#website\",\"url\":\"https:\/\/lime-camel-596070.hostingersite.com\/\",\"name\":\"memodio\",\"description\":\"\",\"publisher\":{\"@id\":\"https:\/\/lime-camel-596070.hostingersite.com\/#organization\"},\"potentialAction\":[{\"@type\":\"SearchAction\",\"target\":{\"@type\":\"EntryPoint\",\"urlTemplate\":\"https:\/\/lime-camel-596070.hostingersite.com\/?s={search_term_string}\"},\"query-input\":{\"@type\":\"PropertyValueSpecification\",\"valueRequired\":true,\"valueName\":\"search_term_string\"}}],\"inLanguage\":\"en-US\"},{\"@type\":\"Organization\",\"@id\":\"https:\/\/lime-camel-596070.hostingersite.com\/#organization\",\"name\":\"memodio GmbH\",\"url\":\"https:\/\/lime-camel-596070.hostingersite.com\/\",\"logo\":{\"@type\":\"ImageObject\",\"inLanguage\":\"en-US\",\"@id\":\"https:\/\/lime-camel-596070.hostingersite.com\/#\/schema\/logo\/image\/\",\"url\":\"https:\/\/memodio-app.com\/wp-content\/uploads\/2025\/08\/logo_text_black.svg\",\"contentUrl\":\"https:\/\/memodio-app.com\/wp-content\/uploads\/2025\/08\/logo_text_black.svg\",\"width\":311,\"height\":64,\"caption\":\"memodio GmbH\"},\"image\":{\"@id\":\"https:\/\/lime-camel-596070.hostingersite.com\/#\/schema\/logo\/image\/\"}},{\"@type\":\"Person\",\"@id\":\"https:\/\/lime-camel-596070.hostingersite.com\/#\/schema\/person\/2df8e18e9438c67801372575697bc6c2\",\"name\":\"Valentina Weil\",\"image\":{\"@type\":\"ImageObject\",\"inLanguage\":\"en-US\",\"@id\":\"https:\/\/memodio-app.com\/wp-content\/litespeed\/avatar\/82d3e12283859ddc75c23ce4b23c802b.jpg?ver=1777473536\",\"url\":\"https:\/\/memodio-app.com\/wp-content\/litespeed\/avatar\/82d3e12283859ddc75c23ce4b23c802b.jpg?ver=1777473536\",\"contentUrl\":\"https:\/\/memodio-app.com\/wp-content\/litespeed\/avatar\/82d3e12283859ddc75c23ce4b23c802b.jpg?ver=1777473536\",\"caption\":\"Valentina Weil\"},\"url\":\"https:\/\/memodio-app.com\/en\/blog\/author\/valentina-weilmemodio-app-com\/\"}]}<\/script>\n<!-- \/ Yoast SEO plugin. -->","yoast_head_json":{"title":"Chaos im Kopf: Ursachen f\u00fcr die kognitive St\u00f6rung - memodio","description":"Verwirrung, Orientierungsverlust, Konzentrationsschw\u00e4che: Wie entsteht das Chaos im Kopf? Welche verschiedenen Ursachen stecken dahinter?","robots":{"index":"index","follow":"follow","max-snippet":"max-snippet:-1","max-image-preview":"max-image-preview:large","max-video-preview":"max-video-preview:-1"},"canonical":"https:\/\/lime-camel-596070.hostingersite.com\/blog\/chaos-im-kopf\/","og_locale":"en_US","og_type":"article","og_title":"Chaos im Kopf: Ursachen f\u00fcr die kognitive St\u00f6rung - memodio","og_description":"Verwirrung, Orientierungsverlust, Konzentrationsschw\u00e4che: Wie entsteht das Chaos im Kopf? Welche verschiedenen Ursachen stecken dahinter?","og_url":"https:\/\/lime-camel-596070.hostingersite.com\/blog\/chaos-im-kopf\/","og_site_name":"memodio","article_published_time":"2025-09-23T07:35:09+00:00","article_modified_time":"2025-10-15T10:07:45+00:00","og_image":[{"width":1024,"height":576,"url":"https:\/\/lime-camel-596070.hostingersite.com\/wp-content\/uploads\/2025\/09\/OMi-13-1-1024x576.png","type":"image\/png"}],"author":"Valentina Weil","twitter_card":"summary_large_image","twitter_misc":{"Written by":"Valentina Weil","Est. reading time":"5 minutes"},"schema":{"@context":"https:\/\/schema.org","@graph":[{"@type":"Article","@id":"https:\/\/lime-camel-596070.hostingersite.com\/blog\/chaos-im-kopf\/#article","isPartOf":{"@id":"https:\/\/lime-camel-596070.hostingersite.com\/blog\/chaos-im-kopf\/"},"author":{"name":"Valentina Weil","@id":"https:\/\/lime-camel-596070.hostingersite.com\/#\/schema\/person\/2df8e18e9438c67801372575697bc6c2"},"headline":"Chaos im Kopf: Ursachen f\u00fcr die kognitive St\u00f6rung","datePublished":"2025-09-23T07:35:09+00:00","dateModified":"2025-10-15T10:07:45+00:00","mainEntityOfPage":{"@id":"https:\/\/lime-camel-596070.hostingersite.com\/blog\/chaos-im-kopf\/"},"wordCount":1045,"commentCount":0,"publisher":{"@id":"https:\/\/lime-camel-596070.hostingersite.com\/#organization"},"image":{"@id":"https:\/\/lime-camel-596070.hostingersite.com\/blog\/chaos-im-kopf\/#primaryimage"},"thumbnailUrl":"https:\/\/memodio-app.com\/wp-content\/uploads\/2025\/09\/OMi-13-1.png","articleSection":["Fr\u00fche Demenz erkennen"],"inLanguage":"en-US","potentialAction":[{"@type":"CommentAction","name":"Comment","target":["https:\/\/lime-camel-596070.hostingersite.com\/blog\/chaos-im-kopf\/#respond"]}]},{"@type":"WebPage","@id":"https:\/\/lime-camel-596070.hostingersite.com\/blog\/chaos-im-kopf\/","url":"https:\/\/lime-camel-596070.hostingersite.com\/blog\/chaos-im-kopf\/","name":"Chaos im Kopf: Ursachen f\u00fcr die kognitive St\u00f6rung - memodio","isPartOf":{"@id":"https:\/\/lime-camel-596070.hostingersite.com\/#website"},"primaryImageOfPage":{"@id":"https:\/\/lime-camel-596070.hostingersite.com\/blog\/chaos-im-kopf\/#primaryimage"},"image":{"@id":"https:\/\/lime-camel-596070.hostingersite.com\/blog\/chaos-im-kopf\/#primaryimage"},"thumbnailUrl":"https:\/\/memodio-app.com\/wp-content\/uploads\/2025\/09\/OMi-13-1.png","datePublished":"2025-09-23T07:35:09+00:00","dateModified":"2025-10-15T10:07:45+00:00","description":"Verwirrung, Orientierungsverlust, Konzentrationsschw\u00e4che: Wie entsteht das Chaos im Kopf? Welche verschiedenen Ursachen stecken dahinter?","breadcrumb":{"@id":"https:\/\/lime-camel-596070.hostingersite.com\/blog\/chaos-im-kopf\/#breadcrumb"},"inLanguage":"en-US","potentialAction":[{"@type":"ReadAction","target":["https:\/\/lime-camel-596070.hostingersite.com\/blog\/chaos-im-kopf\/"]}]},{"@type":"ImageObject","inLanguage":"en-US","@id":"https:\/\/lime-camel-596070.hostingersite.com\/blog\/chaos-im-kopf\/#primaryimage","url":"https:\/\/memodio-app.com\/wp-content\/uploads\/2025\/09\/OMi-13-1.png","contentUrl":"https:\/\/memodio-app.com\/wp-content\/uploads\/2025\/09\/OMi-13-1.png","width":1920,"height":1080},{"@type":"BreadcrumbList","@id":"https:\/\/lime-camel-596070.hostingersite.com\/blog\/chaos-im-kopf\/#breadcrumb","itemListElement":[{"@type":"ListItem","position":1,"name":"Home","item":"https:\/\/memodio-app.com\/"},{"@type":"ListItem","position":2,"name":"Chaos im Kopf: Ursachen f\u00fcr die kognitive St\u00f6rung"}]},{"@type":"WebSite","@id":"https:\/\/lime-camel-596070.hostingersite.com\/#website","url":"https:\/\/lime-camel-596070.hostingersite.com\/","name":"memodio","description":"","publisher":{"@id":"https:\/\/lime-camel-596070.hostingersite.com\/#organization"},"potentialAction":[{"@type":"SearchAction","target":{"@type":"EntryPoint","urlTemplate":"https:\/\/lime-camel-596070.hostingersite.com\/?s={search_term_string}"},"query-input":{"@type":"PropertyValueSpecification","valueRequired":true,"valueName":"search_term_string"}}],"inLanguage":"en-US"},{"@type":"Organization","@id":"https:\/\/lime-camel-596070.hostingersite.com\/#organization","name":"memodio GmbH","url":"https:\/\/lime-camel-596070.hostingersite.com\/","logo":{"@type":"ImageObject","inLanguage":"en-US","@id":"https:\/\/lime-camel-596070.hostingersite.com\/#\/schema\/logo\/image\/","url":"https:\/\/memodio-app.com\/wp-content\/uploads\/2025\/08\/logo_text_black.svg","contentUrl":"https:\/\/memodio-app.com\/wp-content\/uploads\/2025\/08\/logo_text_black.svg","width":311,"height":64,"caption":"memodio GmbH"},"image":{"@id":"https:\/\/lime-camel-596070.hostingersite.com\/#\/schema\/logo\/image\/"}},{"@type":"Person","@id":"https:\/\/lime-camel-596070.hostingersite.com\/#\/schema\/person\/2df8e18e9438c67801372575697bc6c2","name":"Valentina Weil","image":{"@type":"ImageObject","inLanguage":"en-US","@id":"https:\/\/memodio-app.com\/wp-content\/litespeed\/avatar\/82d3e12283859ddc75c23ce4b23c802b.jpg?ver=1777473536","url":"https:\/\/memodio-app.com\/wp-content\/litespeed\/avatar\/82d3e12283859ddc75c23ce4b23c802b.jpg?ver=1777473536","contentUrl":"https:\/\/memodio-app.com\/wp-content\/litespeed\/avatar\/82d3e12283859ddc75c23ce4b23c802b.jpg?ver=1777473536","caption":"Valentina Weil"},"url":"https:\/\/memodio-app.com\/en\/blog\/author\/valentina-weilmemodio-app-com\/"}]}},"_links":{"self":[{"href":"https:\/\/memodio-app.com\/en\/wp-json\/wp\/v2\/posts\/1928","targetHints":{"allow":["GET"]}}],"collection":[{"href":"https:\/\/memodio-app.com\/en\/wp-json\/wp\/v2\/posts"}],"about":[{"href":"https:\/\/memodio-app.com\/en\/wp-json\/wp\/v2\/types\/post"}],"author":[{"embeddable":true,"href":"https:\/\/memodio-app.com\/en\/wp-json\/wp\/v2\/users\/3"}],"replies":[{"embeddable":true,"href":"https:\/\/memodio-app.com\/en\/wp-json\/wp\/v2\/comments?post=1928"}],"version-history":[{"count":2,"href":"https:\/\/memodio-app.com\/en\/wp-json\/wp\/v2\/posts\/1928\/revisions"}],"predecessor-version":[{"id":1934,"href":"https:\/\/memodio-app.com\/en\/wp-json\/wp\/v2\/posts\/1928\/revisions\/1934"}],"wp:featuredmedia":[{"embeddable":true,"href":"https:\/\/memodio-app.com\/en\/wp-json\/wp\/v2\/media\/1933"}],"wp:attachment":[{"href":"https:\/\/memodio-app.com\/en\/wp-json\/wp\/v2\/media?parent=1928"}],"wp:term":[{"taxonomy":"category","embeddable":true,"href":"https:\/\/memodio-app.com\/en\/wp-json\/wp\/v2\/categories?post=1928"},{"taxonomy":"post_tag","embeddable":true,"href":"https:\/\/memodio-app.com\/en\/wp-json\/wp\/v2\/tags?post=1928"}],"curies":[{"name":"wp","href":"https:\/\/api.w.org\/{rel}","templated":true}]}}