{"id":1897,"date":"2025-09-22T14:42:39","date_gmt":"2025-09-22T14:42:39","guid":{"rendered":"https:\/\/memodio-app.com\/?p=1897"},"modified":"2025-10-15T10:05:29","modified_gmt":"2025-10-15T10:05:29","slug":"zahnfleischerkrankungen-und-demenz","status":"publish","type":"post","link":"https:\/\/memodio-app.com\/en\/blog\/zahnfleischerkrankungen-und-demenz\/","title":{"rendered":"Was hat Ihr Zahnfleisch mit Demenz zu tun?"},"content":{"rendered":"<p>Es gibt immer mehr Hinweise darauf, dass zwischen Zahnfleischerkrankungen und Demenz ein Zusammenhang bestehen k\u00f6nnte. Studien haben gezeigt, dass Menschen mit Demenz h\u00e4ufiger an Zahnfleischerkrankungen leiden. Zudem scheinen Zahnfleischerkrankungen, neben vielen anderen, ein Risikofaktor f\u00fcr die Entwicklung von Demenz zu sein. Beide Erkrankungen treten h\u00e4ufiger bei \u00e4lteren Menschen auf. Dies wirft die Frage auf, warum diese Erkrankungen miteinander verbunden sind. K\u00f6nnte die Behandlung von Zahnfleischerkrankungen das Risiko einer Demenz verringern?<\/p>\n\n\n\n<h2 class=\"wp-block-heading\">Wie entstehen Zahnfleischerkrankungen?<\/h2>\n\n\n\n<p>Zahnfleischerkrankungen werden durch eine Ablagerung von Plaque entlang des Zahnfleischsaums verursacht. Plaque ist ein klebriger Film aus Bakterien und Schleim, der sich auf den Z\u00e4hnen ablagert und zu Zahnstein verh\u00e4rtet. Die Bakterien im Zahnbelag k\u00f6nnen eine Entz\u00fcndung des Zahnfleischs, die so genannte Gingivitis, verursachen. Bleibt die Gingivitis unbehandelt, kann sie zu Parodontitis oder einer Zahnfleischerkrankung f\u00fchren. Parodontitis tritt auf, wenn das Zahnfleisch anf\u00e4ngt, sich von den Z\u00e4hnen zur\u00fcckzuziehen. Dann bilden sich Taschen um die Z\u00e4hne. In diesen Taschen k\u00f6nnen Bakterien gedeihen und das Zahnfleisch und den darunter liegenden Knochen weiter sch\u00e4digen.<\/p>\n\n\n\n<figure class=\"wp-block-image aligncenter size-full is-resized has-custom-border\"><img fetchpriority=\"high\" decoding=\"async\" width=\"940\" height=\"788\" src=\"https:\/\/memodio-app.com\/wp-content\/uploads\/2025\/09\/VergesslicheOmi-7-1.png\" alt=\"\" class=\"wp-image-1899\" style=\"border-radius:35px;width:489px;height:auto\" srcset=\"https:\/\/memodio-app.com\/wp-content\/uploads\/2025\/09\/VergesslicheOmi-7-1.png 940w, https:\/\/memodio-app.com\/wp-content\/uploads\/2025\/09\/VergesslicheOmi-7-1-300x251.png 300w, https:\/\/memodio-app.com\/wp-content\/uploads\/2025\/09\/VergesslicheOmi-7-1-768x644.png 768w, https:\/\/memodio-app.com\/wp-content\/uploads\/2025\/09\/VergesslicheOmi-7-1-14x12.png 14w\" sizes=\"(max-width: 940px) 100vw, 940px\" \/><figcaption class=\"wp-element-caption\">Zahnfleischentz\u00fcndungen treten h\u00e4ufig auf und sind als Risikofaktor f\u00fcr Demenz zu betrachten.<\/figcaption><\/figure>\n\n\n\n<h2 class=\"wp-block-heading\"><strong>Warum leiden \u00e4ltere Menschen h\u00e4ufiger an Zahnfleischerkrankungen?<\/strong><\/h2>\n\n\n\n<p>Die Mundgesundheit ist von gro\u00dfer Bedeutung, doch \u00e4ltere Menschen sind oft anf\u00e4lliger f\u00fcr Zahnfleischerkrankungen. Hier sind f\u00fcnf Schl\u00fcsselfaktoren, die diese erh\u00f6hte Anf\u00e4lligkeit erkl\u00e4ren.<\/p>\n\n\n\n<ul class=\"wp-block-list\">\n<li><strong>Abnutzung von Zahnfleischgewebe<\/strong>: Mit dem Alter kann das Zahnfleisch d\u00fcnner und weniger elastisch werden, was es anf\u00e4lliger f\u00fcr Verletzungen und Infektionen macht.<\/li>\n\n\n\n<li><strong>Zahnfleischrezession (Parodontitis):<\/strong> Ein R\u00fcckgang des Zahnfleisches im Alter kann die Zahnh\u00e4lse freilegen und das Risiko f\u00fcr Zahnfleischprobleme erh\u00f6hen.<\/li>\n\n\n\n<li><strong>Verminderte Speichelproduktion:<\/strong> Mit zunehmendem Alter kann die Produktion von Speichel abnehmen, was zu trockenem Mund f\u00fchrt. Ein trockener Mund beg\u00fcnstigt das Wachstum von Bakterien und erh\u00f6ht das Risiko von Zahnfleischentz\u00fcndungen.<\/li>\n\n\n\n<li><strong>Verringerte Immunfunktion: <\/strong>Das Immunsystem alternder Menschen arbeitet m\u00f6glicherweise weniger effizient, was das Risiko von Zahnfleischerkrankungen erh\u00f6hen kann.<\/li>\n\n\n\n<li><strong>Medikamente und Gesundheitszustand: <\/strong>\u00c4ltere Menschen nehmen oft eine Vielzahl von Medikamenten ein, die die Mundgesundheit beeinflussen k\u00f6nnen. Einige Medikamente k\u00f6nnen beispielsweise die Mundtrockenheit f\u00f6rdern. Zudem k\u00f6nnen chronische Gesundheitszust\u00e4nde die Anf\u00e4lligkeit f\u00fcr Zahnfleischerkrankungen erh\u00f6hen.<\/li>\n<\/ul>\n\n\n\n<div class=\"wp-block-group my-infobox is-layout-constrained wp-block-group-is-layout-constrained\">\n<h3 class=\"wp-block-heading\">Was ist Demenz?<\/h3>\n\n\n\n<p><strong>Definition:<\/strong>\u00a0Demenz ist eine Gehirnerkrankung, die kognitive Funktionen wie Ged\u00e4chtnis und Denkf\u00e4higkeit beeintr\u00e4chtigt.<br><strong>Ursache:<\/strong>\u00a0H\u00e4ufig wird Demenz durch die Alzheimer-Krankheit verursacht, bei der es zu einer Sch\u00e4digung von Gehirnzellen kommt.<br><strong>Symptome:<\/strong>\u00a0Demenz kann zu Ged\u00e4chtnisst\u00f6rungen, Stimmungsschwankungen und Ver\u00e4nderungen im Verhalten f\u00fchren.<\/p>\n<\/div>\n\n\n\n<h2 class=\"wp-block-heading\"><strong>Hinweise zu Zahnfleischerkrankungen als Risikofaktor einer Demenz<\/strong><\/h2>\n\n\n\n<p>Die Ursachen von Alzheimer sind noch nicht vollst\u00e4ndig gekl\u00e4rt, aber Forscher vermuten, dass entz\u00fcndliche Prozesse (auch in den Blutgef\u00e4\u00dfen) eine Rolle spielen. An dieser Stelle kommt unser Zahnfleisch ins Spiel. In einer Studie aus dem Jahr 2012 wurde festgestellt, dass Menschen mit Alzheimer weniger n\u00fctzliche Bakterien in ihrem Mund haben als gesunde Menschen. Die Forscher vermuteten, dass diese Ver\u00e4nderung im Gleichgewicht der Bakterien zur Entstehung der Krankheit beitragen k\u00f6nnte. Andere Studien fanden \u00e4hnliche Ergebnisse.<\/p>\n\n\n\n<p>Eine Theorie besagt, dass die Bakterien im Mund in die Blutbahn gelangen und zum Gehirn wandern, wo sie eine Entz\u00fcndungsreaktion ausl\u00f6sen. Die Wissenschaft vermutet, dass chronische Entz\u00fcndungen f\u00fcr die Entstehung der Alzheimer-Krankheit verantwortlich sein k\u00f6nnten. Im Jahr 2013 berichteten NIA-Wissenschaftler, dass Bakterien im Mund, die mit Zahnfleischerkrankungen einhergehen, auch mit der Entwicklung der Alzheimer-Krankheit und verwandter Demenzerkrankungen in Verbindung stehen. Sie fanden auch Hinweise darauf, dass die Bakterien die Blut-Hirn-Schranke \u00fcberwinden und in das zentrale Nervensystem eindringen k\u00f6nnen, wo sie Entz\u00fcndungen ausl\u00f6sen.<\/p>\n\n\n\n<figure class=\"wp-block-image aligncenter size-full is-resized has-custom-border\"><img decoding=\"async\" width=\"940\" height=\"788\" src=\"https:\/\/memodio-app.com\/wp-content\/uploads\/2025\/09\/VergesslicheOmi-8-1.png\" alt=\"\" class=\"wp-image-1900\" style=\"border-radius:35px;width:416px;height:auto\" srcset=\"https:\/\/memodio-app.com\/wp-content\/uploads\/2025\/09\/VergesslicheOmi-8-1.png 940w, https:\/\/memodio-app.com\/wp-content\/uploads\/2025\/09\/VergesslicheOmi-8-1-300x251.png 300w, https:\/\/memodio-app.com\/wp-content\/uploads\/2025\/09\/VergesslicheOmi-8-1-768x644.png 768w, https:\/\/memodio-app.com\/wp-content\/uploads\/2025\/09\/VergesslicheOmi-8-1-14x12.png 14w\" sizes=\"(max-width: 940px) 100vw, 940px\" \/><figcaption class=\"wp-element-caption\">Gute Mundhygiene wirkt sich auf viele Gesundheitliche Aspekte aus, die augenscheinlich nicht im direkten Zusammenhang mit dem Zahnfleisch stehen \u2013\u00a0wie Demenz.<br><\/figcaption><\/figure>\n\n\n\n<h2 class=\"wp-block-heading\"><strong>Wie kann ich Zahnfleischerkrankungen vorbeugen?<\/strong><\/h2>\n\n\n\n<p>Die Pr\u00e4vention von Zahnfleischerkrankungen erfordert kontinuierliche Aufmerksamkeit f\u00fcr Ihre Mundgesundheit. Die Einhaltung dieser Tipps kann dazu beitragen, Zahnfleischprobleme zu vermeiden und so zu einer Vermeidung von Risikofaktoren f\u00fcr eine Demenz beitragen.<\/p>\n\n\n\n<ul class=\"wp-block-list\">\n<li><strong>Regelm\u00e4\u00dfige Zahnhygiene:<\/strong>\n<ul class=\"wp-block-list\">\n<li>Putzen Sie Ihre Z\u00e4hne zweimal t\u00e4glich. Verwenden Sie eine weiche Zahnb\u00fcrste, um das Zahnfleisch nicht zu verletzen.<\/li>\n\n\n\n<li>Benutzen Sie Zahnseide oder Interdentalb\u00fcrsten, um Essensreste und Plaque zwischen den Z\u00e4hnen zu entfernen.<\/li>\n\n\n\n<li>Verwenden Sie Mundwasser, das antimikrobielle Eigenschaften hat, um Bakterien im Mund zu reduzieren.<\/li>\n<\/ul>\n<\/li>\n\n\n\n<li><strong>Zahnarztbesuche:<\/strong>\n<ul class=\"wp-block-list\">\n<li>Besuchen Sie regelm\u00e4\u00dfig Ihren Zahnarzt, mindestens alle sechs Monate, um Ihre Z\u00e4hne und Ihr Zahnfleisch \u00fcberpr\u00fcfen zu lassen.<\/li>\n\n\n\n<li>Ihr Zahnarzt kann Zahnstein entfernen und Ihnen professionelle Ratschl\u00e4ge zur Mundgesundheit geben.<\/li>\n<\/ul>\n<\/li>\n\n\n\n<li><strong>Gesunde Ern\u00e4hrung:<\/strong>\n<ul class=\"wp-block-list\">\n<li>Reduzieren Sie den Konsum von zuckerhaltigen Lebensmitteln und Getr\u00e4nken, da Zucker Plaquebildung beg\u00fcnstigt.<\/li>\n\n\n\n<li>Essen Sie eine ausgewogene Ern\u00e4hrung mit viel Obst, Gem\u00fcse und Vollkornprodukten, um die allgemeine Gesundheit Ihres Zahnfleisches zu unterst\u00fctzen.<\/li>\n<\/ul>\n<\/li>\n\n\n\n<li><strong>Nicht rauchen:<\/strong>\n<ul class=\"wp-block-list\">\n<li>Rauchen erh\u00f6ht das Risiko von Zahnfleischentz\u00fcndungen. Wenn Sie rauchen, sollten Sie versuchen, aufzuh\u00f6ren.<\/li>\n<\/ul>\n<\/li>\n\n\n\n<li><strong>Stressbew\u00e4ltigung: <\/strong>\n<ul class=\"wp-block-list\">\n<li>Chronischer Stress kann das Immunsystem schw\u00e4chen und das Risiko von Zahnfleischentz\u00fcndungen erh\u00f6hen. Versuchen Sie, Stress abzubauen und Entspannungstechniken anzuwenden.<\/li>\n<\/ul>\n<\/li>\n\n\n\n<li><strong>Medikamenten\u00fcberwachung:<\/strong>\n<ul class=\"wp-block-list\">\n<li>Einige Medikamente k\u00f6nnen Zahnfleischprobleme verursachen oder verschlimmern. Besprechen Sie eventuelle Nebenwirkungen mit Ihrem Arzt und Ihrem Zahnarzt.<\/li>\n<\/ul>\n<\/li>\n<\/ul>\n\n\n\n<h2 class=\"wp-block-heading\">Zusammenfassung<\/h2>\n\n\n\n<p>Zahnfleischerkrankungen entstehen durch Plaquebildung und k\u00f6nnen bei \u00e4lteren Menschen aufgrund von Faktoren wie abnehmender Speichelproduktion und Immunit\u00e4t h\u00e4ufiger auftreten. Demenz, insbesondere Alzheimer, ist eine Gehirnst\u00f6rung, die durch Proteinablagerungen beeintr\u00e4chtigt wird. Studien legen nahe, dass Mundbakterien zur Alzheimer-Entwicklung beitragen k\u00f6nnten, indem sie ins Gehirn gelangen und Entz\u00fcndungen ausl\u00f6sen. Vorbeugung von Zahnfleischerkrankungen durch gute Mundhygiene, regelm\u00e4\u00dfige Zahnarztbesuche, eine gesunde Ern\u00e4hrung, Nichtrauchen und Stressbew\u00e4ltigung k\u00f6nnte auch das Demenzrisiko verringern.<\/p>\n\n\n\n<p>Deshalb: Putzen Sie Ihre Z\u00e4hne und achten Sie auf Ihre Mundhygiene!<\/p>\n\n\n\n<p>Quellen:<\/p>\n\n\n\n<ol class=\"wp-block-list\">\n<li>Imbalance in Gum Bacteria Linked to Alzheimer\u2019s Disease Biomarker (https:\/\/www.nyu.edu\/about\/news-publications\/news\/2021\/april\/gum-bacteria-alzheimers.html)<\/li>\n\n\n\n<li>Large study links gum disease with dementia (https:\/\/www.nia.nih.gov\/news\/large-study-links-gum-disease-dementia)<\/li>\n<\/ol>\n\n\n\n<p><\/p>","protected":false},"excerpt":{"rendered":"<p>Es gibt immer mehr Hinweise darauf, dass zwischen Zahnfleischerkrankungen und Demenz ein Zusammenhang bestehen k\u00f6nnte. Studien haben gezeigt, dass Menschen mit Demenz h\u00e4ufiger an Zahnfleischerkrankungen leiden. Zudem scheinen Zahnfleischerkrankungen, neben vielen anderen, ein Risikofaktor f\u00fcr die Entwicklung von Demenz zu sein. Beide Erkrankungen treten h\u00e4ufiger bei \u00e4lteren Menschen auf. Dies wirft die Frage auf, warum [&hellip;]<\/p>\n","protected":false},"author":3,"featured_media":1898,"comment_status":"open","ping_status":"open","sticky":false,"template":"","format":"standard","meta":{"footnotes":""},"categories":[42],"tags":[],"class_list":["post-1897","post","type-post","status-publish","format-standard","has-post-thumbnail","hentry","category-demenz-was-tun"],"yoast_head":"<!-- This site is optimized with the Yoast SEO plugin v27.2 - https:\/\/yoast.com\/product\/yoast-seo-wordpress\/ -->\n<title>Was hat Ihr Zahnfleisch mit Demenz zu tun? - memodio<\/title>\n<meta name=\"description\" content=\"Klingt skurril, ist aber so: zwischen Zahnfleischerkrankungen und Demenz besteht ein Zusammenhang. Mehr dazu in diesem Artikel.\" \/>\n<meta name=\"robots\" content=\"index, follow, max-snippet:-1, max-image-preview:large, max-video-preview:-1\" \/>\n<link rel=\"canonical\" href=\"https:\/\/lime-camel-596070.hostingersite.com\/blog\/zahnfleischerkrankungen-und-demenz\/\" \/>\n<meta property=\"og:locale\" content=\"en_US\" \/>\n<meta property=\"og:type\" content=\"article\" \/>\n<meta property=\"og:title\" content=\"Was hat Ihr Zahnfleisch mit Demenz zu tun? - memodio\" \/>\n<meta property=\"og:description\" content=\"Klingt skurril, ist aber so: zwischen Zahnfleischerkrankungen und Demenz besteht ein Zusammenhang. Mehr dazu in diesem Artikel.\" \/>\n<meta property=\"og:url\" content=\"https:\/\/lime-camel-596070.hostingersite.com\/blog\/zahnfleischerkrankungen-und-demenz\/\" \/>\n<meta property=\"og:site_name\" content=\"memodio\" \/>\n<meta property=\"article:published_time\" content=\"2025-09-22T14:42:39+00:00\" \/>\n<meta property=\"article:modified_time\" content=\"2025-10-15T10:05:29+00:00\" \/>\n<meta property=\"og:image\" content=\"https:\/\/lime-camel-596070.hostingersite.com\/wp-content\/uploads\/2025\/09\/OMi-5-1-1024x576.png\" \/>\n\t<meta property=\"og:image:width\" content=\"1024\" \/>\n\t<meta property=\"og:image:height\" content=\"576\" \/>\n\t<meta property=\"og:image:type\" content=\"image\/png\" \/>\n<meta name=\"author\" content=\"Valentina Weil\" \/>\n<meta name=\"twitter:card\" content=\"summary_large_image\" \/>\n<meta name=\"twitter:label1\" content=\"Written by\" \/>\n\t<meta name=\"twitter:data1\" content=\"Valentina Weil\" \/>\n\t<meta name=\"twitter:label2\" content=\"Est. reading time\" \/>\n\t<meta name=\"twitter:data2\" content=\"5 minutes\" \/>\n<script type=\"application\/ld+json\" class=\"yoast-schema-graph\">{\"@context\":\"https:\/\/schema.org\",\"@graph\":[{\"@type\":\"Article\",\"@id\":\"https:\/\/lime-camel-596070.hostingersite.com\/blog\/zahnfleischerkrankungen-und-demenz\/#article\",\"isPartOf\":{\"@id\":\"https:\/\/lime-camel-596070.hostingersite.com\/blog\/zahnfleischerkrankungen-und-demenz\/\"},\"author\":{\"name\":\"Valentina Weil\",\"@id\":\"https:\/\/lime-camel-596070.hostingersite.com\/#\/schema\/person\/2df8e18e9438c67801372575697bc6c2\"},\"headline\":\"Was hat Ihr Zahnfleisch mit Demenz zu tun?\",\"datePublished\":\"2025-09-22T14:42:39+00:00\",\"dateModified\":\"2025-10-15T10:05:29+00:00\",\"mainEntityOfPage\":{\"@id\":\"https:\/\/lime-camel-596070.hostingersite.com\/blog\/zahnfleischerkrankungen-und-demenz\/\"},\"wordCount\":987,\"commentCount\":0,\"publisher\":{\"@id\":\"https:\/\/lime-camel-596070.hostingersite.com\/#organization\"},\"image\":{\"@id\":\"https:\/\/lime-camel-596070.hostingersite.com\/blog\/zahnfleischerkrankungen-und-demenz\/#primaryimage\"},\"thumbnailUrl\":\"https:\/\/memodio-app.com\/wp-content\/uploads\/2025\/09\/OMi-5-1.png\",\"articleSection\":[\"Demenz \u2013 was tun?\"],\"inLanguage\":\"en-US\",\"potentialAction\":[{\"@type\":\"CommentAction\",\"name\":\"Comment\",\"target\":[\"https:\/\/lime-camel-596070.hostingersite.com\/blog\/zahnfleischerkrankungen-und-demenz\/#respond\"]}]},{\"@type\":\"WebPage\",\"@id\":\"https:\/\/lime-camel-596070.hostingersite.com\/blog\/zahnfleischerkrankungen-und-demenz\/\",\"url\":\"https:\/\/lime-camel-596070.hostingersite.com\/blog\/zahnfleischerkrankungen-und-demenz\/\",\"name\":\"Was hat Ihr Zahnfleisch mit Demenz zu tun? - memodio\",\"isPartOf\":{\"@id\":\"https:\/\/lime-camel-596070.hostingersite.com\/#website\"},\"primaryImageOfPage\":{\"@id\":\"https:\/\/lime-camel-596070.hostingersite.com\/blog\/zahnfleischerkrankungen-und-demenz\/#primaryimage\"},\"image\":{\"@id\":\"https:\/\/lime-camel-596070.hostingersite.com\/blog\/zahnfleischerkrankungen-und-demenz\/#primaryimage\"},\"thumbnailUrl\":\"https:\/\/memodio-app.com\/wp-content\/uploads\/2025\/09\/OMi-5-1.png\",\"datePublished\":\"2025-09-22T14:42:39+00:00\",\"dateModified\":\"2025-10-15T10:05:29+00:00\",\"description\":\"Klingt skurril, ist aber so: zwischen Zahnfleischerkrankungen und Demenz besteht ein Zusammenhang. Mehr dazu in diesem Artikel.\",\"breadcrumb\":{\"@id\":\"https:\/\/lime-camel-596070.hostingersite.com\/blog\/zahnfleischerkrankungen-und-demenz\/#breadcrumb\"},\"inLanguage\":\"en-US\",\"potentialAction\":[{\"@type\":\"ReadAction\",\"target\":[\"https:\/\/lime-camel-596070.hostingersite.com\/blog\/zahnfleischerkrankungen-und-demenz\/\"]}]},{\"@type\":\"ImageObject\",\"inLanguage\":\"en-US\",\"@id\":\"https:\/\/lime-camel-596070.hostingersite.com\/blog\/zahnfleischerkrankungen-und-demenz\/#primaryimage\",\"url\":\"https:\/\/memodio-app.com\/wp-content\/uploads\/2025\/09\/OMi-5-1.png\",\"contentUrl\":\"https:\/\/memodio-app.com\/wp-content\/uploads\/2025\/09\/OMi-5-1.png\",\"width\":1920,\"height\":1080},{\"@type\":\"BreadcrumbList\",\"@id\":\"https:\/\/lime-camel-596070.hostingersite.com\/blog\/zahnfleischerkrankungen-und-demenz\/#breadcrumb\",\"itemListElement\":[{\"@type\":\"ListItem\",\"position\":1,\"name\":\"Home\",\"item\":\"https:\/\/memodio-app.com\/\"},{\"@type\":\"ListItem\",\"position\":2,\"name\":\"Was hat Ihr Zahnfleisch mit Demenz zu tun?\"}]},{\"@type\":\"WebSite\",\"@id\":\"https:\/\/lime-camel-596070.hostingersite.com\/#website\",\"url\":\"https:\/\/lime-camel-596070.hostingersite.com\/\",\"name\":\"memodio\",\"description\":\"\",\"publisher\":{\"@id\":\"https:\/\/lime-camel-596070.hostingersite.com\/#organization\"},\"potentialAction\":[{\"@type\":\"SearchAction\",\"target\":{\"@type\":\"EntryPoint\",\"urlTemplate\":\"https:\/\/lime-camel-596070.hostingersite.com\/?s={search_term_string}\"},\"query-input\":{\"@type\":\"PropertyValueSpecification\",\"valueRequired\":true,\"valueName\":\"search_term_string\"}}],\"inLanguage\":\"en-US\"},{\"@type\":\"Organization\",\"@id\":\"https:\/\/lime-camel-596070.hostingersite.com\/#organization\",\"name\":\"memodio GmbH\",\"url\":\"https:\/\/lime-camel-596070.hostingersite.com\/\",\"logo\":{\"@type\":\"ImageObject\",\"inLanguage\":\"en-US\",\"@id\":\"https:\/\/lime-camel-596070.hostingersite.com\/#\/schema\/logo\/image\/\",\"url\":\"https:\/\/memodio-app.com\/wp-content\/uploads\/2025\/08\/logo_text_black.svg\",\"contentUrl\":\"https:\/\/memodio-app.com\/wp-content\/uploads\/2025\/08\/logo_text_black.svg\",\"width\":311,\"height\":64,\"caption\":\"memodio GmbH\"},\"image\":{\"@id\":\"https:\/\/lime-camel-596070.hostingersite.com\/#\/schema\/logo\/image\/\"}},{\"@type\":\"Person\",\"@id\":\"https:\/\/lime-camel-596070.hostingersite.com\/#\/schema\/person\/2df8e18e9438c67801372575697bc6c2\",\"name\":\"Valentina Weil\",\"image\":{\"@type\":\"ImageObject\",\"inLanguage\":\"en-US\",\"@id\":\"https:\/\/memodio-app.com\/wp-content\/litespeed\/avatar\/82d3e12283859ddc75c23ce4b23c802b.jpg?ver=1776868394\",\"url\":\"https:\/\/memodio-app.com\/wp-content\/litespeed\/avatar\/82d3e12283859ddc75c23ce4b23c802b.jpg?ver=1776868394\",\"contentUrl\":\"https:\/\/memodio-app.com\/wp-content\/litespeed\/avatar\/82d3e12283859ddc75c23ce4b23c802b.jpg?ver=1776868394\",\"caption\":\"Valentina Weil\"},\"url\":\"https:\/\/memodio-app.com\/en\/blog\/author\/valentina-weilmemodio-app-com\/\"}]}<\/script>\n<!-- \/ Yoast SEO plugin. -->","yoast_head_json":{"title":"Was hat Ihr Zahnfleisch mit Demenz zu tun? - memodio","description":"Klingt skurril, ist aber so: zwischen Zahnfleischerkrankungen und Demenz besteht ein Zusammenhang. Mehr dazu in diesem Artikel.","robots":{"index":"index","follow":"follow","max-snippet":"max-snippet:-1","max-image-preview":"max-image-preview:large","max-video-preview":"max-video-preview:-1"},"canonical":"https:\/\/lime-camel-596070.hostingersite.com\/blog\/zahnfleischerkrankungen-und-demenz\/","og_locale":"en_US","og_type":"article","og_title":"Was hat Ihr Zahnfleisch mit Demenz zu tun? - memodio","og_description":"Klingt skurril, ist aber so: zwischen Zahnfleischerkrankungen und Demenz besteht ein Zusammenhang. Mehr dazu in diesem Artikel.","og_url":"https:\/\/lime-camel-596070.hostingersite.com\/blog\/zahnfleischerkrankungen-und-demenz\/","og_site_name":"memodio","article_published_time":"2025-09-22T14:42:39+00:00","article_modified_time":"2025-10-15T10:05:29+00:00","og_image":[{"width":1024,"height":576,"url":"https:\/\/lime-camel-596070.hostingersite.com\/wp-content\/uploads\/2025\/09\/OMi-5-1-1024x576.png","type":"image\/png"}],"author":"Valentina Weil","twitter_card":"summary_large_image","twitter_misc":{"Written by":"Valentina Weil","Est. reading time":"5 minutes"},"schema":{"@context":"https:\/\/schema.org","@graph":[{"@type":"Article","@id":"https:\/\/lime-camel-596070.hostingersite.com\/blog\/zahnfleischerkrankungen-und-demenz\/#article","isPartOf":{"@id":"https:\/\/lime-camel-596070.hostingersite.com\/blog\/zahnfleischerkrankungen-und-demenz\/"},"author":{"name":"Valentina Weil","@id":"https:\/\/lime-camel-596070.hostingersite.com\/#\/schema\/person\/2df8e18e9438c67801372575697bc6c2"},"headline":"Was hat Ihr Zahnfleisch mit Demenz zu tun?","datePublished":"2025-09-22T14:42:39+00:00","dateModified":"2025-10-15T10:05:29+00:00","mainEntityOfPage":{"@id":"https:\/\/lime-camel-596070.hostingersite.com\/blog\/zahnfleischerkrankungen-und-demenz\/"},"wordCount":987,"commentCount":0,"publisher":{"@id":"https:\/\/lime-camel-596070.hostingersite.com\/#organization"},"image":{"@id":"https:\/\/lime-camel-596070.hostingersite.com\/blog\/zahnfleischerkrankungen-und-demenz\/#primaryimage"},"thumbnailUrl":"https:\/\/memodio-app.com\/wp-content\/uploads\/2025\/09\/OMi-5-1.png","articleSection":["Demenz \u2013 was tun?"],"inLanguage":"en-US","potentialAction":[{"@type":"CommentAction","name":"Comment","target":["https:\/\/lime-camel-596070.hostingersite.com\/blog\/zahnfleischerkrankungen-und-demenz\/#respond"]}]},{"@type":"WebPage","@id":"https:\/\/lime-camel-596070.hostingersite.com\/blog\/zahnfleischerkrankungen-und-demenz\/","url":"https:\/\/lime-camel-596070.hostingersite.com\/blog\/zahnfleischerkrankungen-und-demenz\/","name":"Was hat Ihr Zahnfleisch mit Demenz zu tun? - memodio","isPartOf":{"@id":"https:\/\/lime-camel-596070.hostingersite.com\/#website"},"primaryImageOfPage":{"@id":"https:\/\/lime-camel-596070.hostingersite.com\/blog\/zahnfleischerkrankungen-und-demenz\/#primaryimage"},"image":{"@id":"https:\/\/lime-camel-596070.hostingersite.com\/blog\/zahnfleischerkrankungen-und-demenz\/#primaryimage"},"thumbnailUrl":"https:\/\/memodio-app.com\/wp-content\/uploads\/2025\/09\/OMi-5-1.png","datePublished":"2025-09-22T14:42:39+00:00","dateModified":"2025-10-15T10:05:29+00:00","description":"Klingt skurril, ist aber so: zwischen Zahnfleischerkrankungen und Demenz besteht ein Zusammenhang. Mehr dazu in diesem Artikel.","breadcrumb":{"@id":"https:\/\/lime-camel-596070.hostingersite.com\/blog\/zahnfleischerkrankungen-und-demenz\/#breadcrumb"},"inLanguage":"en-US","potentialAction":[{"@type":"ReadAction","target":["https:\/\/lime-camel-596070.hostingersite.com\/blog\/zahnfleischerkrankungen-und-demenz\/"]}]},{"@type":"ImageObject","inLanguage":"en-US","@id":"https:\/\/lime-camel-596070.hostingersite.com\/blog\/zahnfleischerkrankungen-und-demenz\/#primaryimage","url":"https:\/\/memodio-app.com\/wp-content\/uploads\/2025\/09\/OMi-5-1.png","contentUrl":"https:\/\/memodio-app.com\/wp-content\/uploads\/2025\/09\/OMi-5-1.png","width":1920,"height":1080},{"@type":"BreadcrumbList","@id":"https:\/\/lime-camel-596070.hostingersite.com\/blog\/zahnfleischerkrankungen-und-demenz\/#breadcrumb","itemListElement":[{"@type":"ListItem","position":1,"name":"Home","item":"https:\/\/memodio-app.com\/"},{"@type":"ListItem","position":2,"name":"Was hat Ihr Zahnfleisch mit Demenz zu tun?"}]},{"@type":"WebSite","@id":"https:\/\/lime-camel-596070.hostingersite.com\/#website","url":"https:\/\/lime-camel-596070.hostingersite.com\/","name":"memodio","description":"","publisher":{"@id":"https:\/\/lime-camel-596070.hostingersite.com\/#organization"},"potentialAction":[{"@type":"SearchAction","target":{"@type":"EntryPoint","urlTemplate":"https:\/\/lime-camel-596070.hostingersite.com\/?s={search_term_string}"},"query-input":{"@type":"PropertyValueSpecification","valueRequired":true,"valueName":"search_term_string"}}],"inLanguage":"en-US"},{"@type":"Organization","@id":"https:\/\/lime-camel-596070.hostingersite.com\/#organization","name":"memodio GmbH","url":"https:\/\/lime-camel-596070.hostingersite.com\/","logo":{"@type":"ImageObject","inLanguage":"en-US","@id":"https:\/\/lime-camel-596070.hostingersite.com\/#\/schema\/logo\/image\/","url":"https:\/\/memodio-app.com\/wp-content\/uploads\/2025\/08\/logo_text_black.svg","contentUrl":"https:\/\/memodio-app.com\/wp-content\/uploads\/2025\/08\/logo_text_black.svg","width":311,"height":64,"caption":"memodio GmbH"},"image":{"@id":"https:\/\/lime-camel-596070.hostingersite.com\/#\/schema\/logo\/image\/"}},{"@type":"Person","@id":"https:\/\/lime-camel-596070.hostingersite.com\/#\/schema\/person\/2df8e18e9438c67801372575697bc6c2","name":"Valentina Weil","image":{"@type":"ImageObject","inLanguage":"en-US","@id":"https:\/\/memodio-app.com\/wp-content\/litespeed\/avatar\/82d3e12283859ddc75c23ce4b23c802b.jpg?ver=1776868394","url":"https:\/\/memodio-app.com\/wp-content\/litespeed\/avatar\/82d3e12283859ddc75c23ce4b23c802b.jpg?ver=1776868394","contentUrl":"https:\/\/memodio-app.com\/wp-content\/litespeed\/avatar\/82d3e12283859ddc75c23ce4b23c802b.jpg?ver=1776868394","caption":"Valentina Weil"},"url":"https:\/\/memodio-app.com\/en\/blog\/author\/valentina-weilmemodio-app-com\/"}]}},"_links":{"self":[{"href":"https:\/\/memodio-app.com\/en\/wp-json\/wp\/v2\/posts\/1897","targetHints":{"allow":["GET"]}}],"collection":[{"href":"https:\/\/memodio-app.com\/en\/wp-json\/wp\/v2\/posts"}],"about":[{"href":"https:\/\/memodio-app.com\/en\/wp-json\/wp\/v2\/types\/post"}],"author":[{"embeddable":true,"href":"https:\/\/memodio-app.com\/en\/wp-json\/wp\/v2\/users\/3"}],"replies":[{"embeddable":true,"href":"https:\/\/memodio-app.com\/en\/wp-json\/wp\/v2\/comments?post=1897"}],"version-history":[{"count":2,"href":"https:\/\/memodio-app.com\/en\/wp-json\/wp\/v2\/posts\/1897\/revisions"}],"predecessor-version":[{"id":1902,"href":"https:\/\/memodio-app.com\/en\/wp-json\/wp\/v2\/posts\/1897\/revisions\/1902"}],"wp:featuredmedia":[{"embeddable":true,"href":"https:\/\/memodio-app.com\/en\/wp-json\/wp\/v2\/media\/1898"}],"wp:attachment":[{"href":"https:\/\/memodio-app.com\/en\/wp-json\/wp\/v2\/media?parent=1897"}],"wp:term":[{"taxonomy":"category","embeddable":true,"href":"https:\/\/memodio-app.com\/en\/wp-json\/wp\/v2\/categories?post=1897"},{"taxonomy":"post_tag","embeddable":true,"href":"https:\/\/memodio-app.com\/en\/wp-json\/wp\/v2\/tags?post=1897"}],"curies":[{"name":"wp","href":"https:\/\/api.w.org\/{rel}","templated":true}]}}