{"id":1893,"date":"2025-09-22T13:56:00","date_gmt":"2025-09-22T13:56:00","guid":{"rendered":"https:\/\/memodio-app.com\/?p=1893"},"modified":"2025-10-15T10:07:34","modified_gmt":"2025-10-15T10:07:34","slug":"sundowning-phaenomen","status":"publish","type":"post","link":"https:\/\/memodio-app.com\/en\/blog\/sundowning-phaenomen\/","title":{"rendered":"Das Sundowning-Ph\u00e4nomen bei Demenz"},"content":{"rendered":"<p>Demenz ist mehr als nur ein Ged\u00e4chtnisverlust. Es handelt sich um eine tiefgreifende Beeintr\u00e4chtigung, die das t\u00e4gliche Leben und das Verhalten der Betroffenen ma\u00dfgeblich beeinflussen kann. Besonders auff\u00e4llig und oft auch beunruhigend ist das sogenannte \u201eSundowning-Ph\u00e4nomen\u201c. Doch was steckt dahinter?<\/p>\n\n\n\n<figure class=\"wp-block-image aligncenter size-full is-resized has-custom-border\"><img fetchpriority=\"high\" decoding=\"async\" width=\"940\" height=\"788\" src=\"https:\/\/memodio-app.com\/wp-content\/uploads\/2025\/09\/VergesslicheOmi-6-1.png\" alt=\"\" class=\"wp-image-1894\" style=\"border-radius:35px;width:524px;height:auto\" srcset=\"https:\/\/memodio-app.com\/wp-content\/uploads\/2025\/09\/VergesslicheOmi-6-1.png 940w, https:\/\/memodio-app.com\/wp-content\/uploads\/2025\/09\/VergesslicheOmi-6-1-300x251.png 300w, https:\/\/memodio-app.com\/wp-content\/uploads\/2025\/09\/VergesslicheOmi-6-1-768x644.png 768w, https:\/\/memodio-app.com\/wp-content\/uploads\/2025\/09\/VergesslicheOmi-6-1-14x12.png 14w\" sizes=\"(max-width: 940px) 100vw, 940px\" \/><figcaption class=\"wp-element-caption\">Abends oder nachts k\u00f6nnen bei Menschen mit Demenz Verhaltens\u00e4nderungen auftreten. Das nennt man \u201eSundowning-Ph\u00e4nomen\u201c, also \u201eSonnenuntergangs-Ph\u00e4nomen\u201c.<\/figcaption><\/figure>\n\n\n\n<h2 class=\"wp-block-heading\">Was ist das Sundowning-Ph\u00e4nomen?<\/h2>\n\n\n\n<p>Sundowning, manchmal auch \u201eAbendkonfusion\u201c genannt, ist ein Ph\u00e4nomen, bei dem Menschen mit Demenz w\u00e4hrend der Abendd\u00e4mmerung und in die Nacht hinein unruhig oder verwirrt werden. W\u00e4hrend der genaue Grund f\u00fcr dieses Verhalten nicht vollst\u00e4ndig verstanden wird, glauben Experten, dass es durch Hormonspiegel, Erm\u00fcdung und die Beeintr\u00e4chtigung des biologischen Rhythmus verursacht werden kann. Infolgedessen k\u00f6nnen Patienten in den sp\u00e4ten Nachmittags- und Abendstunden Verhaltens\u00e4nderungen wie erh\u00f6hte Agitation, Verwirrung und sogar Aggression zeigen.<\/p>\n\n\n\n<div class=\"wp-block-group my-infobox is-layout-constrained wp-block-group-is-layout-constrained\">\n<h3 class=\"wp-block-heading\">Kurz und knapp<\/h3>\n\n\n\n<p><strong>Begriff:<\/strong>\u00a0Sundowning-Ph\u00e4nomen<br><strong>H\u00e4ufigkeit:<\/strong>\u00a0Trifft oft Menschen mit Alzheimer und anderen Demenzerkrankungen<br><strong>Symptome:<\/strong>\u00a0Verwirrung, Unruhe, Angst, manchmal Aggression<\/p>\n<\/div>\n\n\n\n<p>Diese Symptome k\u00f6nnen manchmal zu gewaltt\u00e4tigen Ausbr\u00fcchen f\u00fchren. Daher ist es wichtig, dass Familien und Pflegepersonal auf diese Vorf\u00e4lle vorbereitet sind und einen Angriffsplan f\u00fcr den Fall haben, dass sie auftreten. Einschlafst\u00f6rungen treten am h\u00e4ufigsten bei Menschen mit Alzheimer und anderen Demenzerkrankungen auf, bei denen die Bereiche des Gehirns, die f\u00fcr die Regulierung von Stimmung und Emotionen zust\u00e4ndig sind, gesch\u00e4digt sind. Sie tritt auch h\u00e4ufiger bei Menschen auf, die an Depressionen oder anderen psychischen St\u00f6rungen leiden. Einige Studien haben gezeigt, dass Schlafmangel auch ein Faktor sein kann, der zur Zunahme der Unruhe bei Sonnenuntergang beitr\u00e4gt.<\/p>\n\n\n\n<p>Wenn der Zustand einer Person fortschreitet und sich die Demenz verschlimmert, kann Sonnenuntergang zu einem allt\u00e4glichen Ereignis werden, das sowohl f\u00fcr die Person mit Demenz als auch f\u00fcr ihre Familie sehr verst\u00f6rend sein kann. Obwohl Sonnenunterg\u00e4nge f\u00fcr Demenzkranke und ihre Betreuer eine be\u00e4ngstigende Erfahrung sein k\u00f6nnen, kann man sie mit Geduld und Verst\u00e4ndnis in den Griff bekommen. Es gibt einige Dinge, die Sie tun k\u00f6nnen, um die \u00c4ngste Ihres Angeh\u00f6rigen zu lindern und das Risiko aggressiver Handlungen zu verringern:<\/p>\n\n\n\n<h2 class=\"wp-block-heading\">Tipps zum Umgang mit dem Sundowning-Ph\u00e4nomen<\/h2>\n\n\n\n<p>Ein Verst\u00e4ndnis des Sundowning-Ph\u00e4nomens und die Vorbereitung darauf sind entscheidend f\u00fcr die Verringerung seiner Auswirkungen. Einige Tipps sind:<\/p>\n\n\n\n<ul class=\"wp-block-list\">\n<li><strong>Ruhe bewahren:<\/strong>\u00a0Agitation kann Ansteckungskraft haben. Wenn Betreuer ruhig bleiben, kann dies helfen, den Betroffenen zu beruhigen.<\/li>\n\n\n\n<li><strong>Sichere Umgebung:<\/strong>\u00a0Stellen Sie sicher, dass der Wohnbereich des Patienten sicher und frei von Hindernissen ist, um St\u00fcrze oder Verletzungen zu vermeiden.<\/li>\n\n\n\n<li><strong>Warnzeichen erkennen:<\/strong>\u00a0Achten Sie auf Anzeichen von Unruhe oder Agitation, die dem Sonnenuntergang vorausgehen, wie z.B. vermehrtes Pacing oder pl\u00f6tzliche Verwirrung.<\/li>\n\n\n\n<li><strong>Tageslicht:<\/strong>\u00a0Nutzen Sie das Tageslicht optimal aus und halten Sie die Abende ruhig und entspannt, um den \u00dcbergang zu erleichtern.<\/li>\n\n\n\n<li><strong>Einhalten eines regelm\u00e4\u00dfigen Zeitplans:<\/strong>\u00a0Ein konsistenter Tagesablauf kann dazu beitragen, die innere Uhr des Patienten zu regulieren und die Auswirkungen von Sundowning zu minimieren.<\/li>\n<\/ul>\n\n\n\n<p>Tipps, wie Sie mit aggressivem Verhalten umgehen k\u00f6nnen, haben wir&nbsp;<a href=\"https:\/\/memodio-app.com\/en\/blog\/demenz-falsche-beschuldigungen\/\">hier&nbsp;<\/a>f\u00fcr Sie gesammelt.<\/p>\n\n\n\n<p>Das Leben mit einem Demenzpatienten, insbesondere mit jemandem, der Sundowning erlebt, kann sowohl k\u00f6rperlich als auch emotional anstrengend sein. Es ist wichtig, sich daran zu erinnern, dass die Person mit Demenz oft genauso verwirrt und ver\u00e4ngstigt ist wie ihr Betreuer. Mit Mitgef\u00fchl, Geduld und einem soliden Unterst\u00fctzungsnetzwerk k\u00f6nnen Sie jedoch sicherstellen, dass sowohl der Patient als auch der Betreuer die bestm\u00f6gliche Pflege und Unterst\u00fctzung erhalten.<\/p>\n\n\n\n<h2 class=\"wp-block-heading\">Zusammenfassung<\/h2>\n\n\n\n<p>Das Sundowning-Ph\u00e4nomen bei Demenz ist eine der vielen Herausforderungen, denen sich Betreuer und Betroffene stellen m\u00fcssen. Ein proaktiver Ansatz, Bildung und Geduld k\u00f6nnen dabei helfen, diese schwierigen Zeiten besser zu bew\u00e4ltigen. Falls bei der betroffenen Person auch tags\u00fcber Wesensver\u00e4nderungen auftreten, lesen Sie\u00a0<a href=\"https:\/\/memodio-app.com\/en\/blog\/ploetzliche-wesensveraenderungen-im-alter\/\">hier<\/a>\u00a0weiter.<\/p>\n\n\n\n<p><\/p>","protected":false},"excerpt":{"rendered":"<p>Wie der Sonnenuntergang Demenzpatienten beeinflusst und was Sie dar\u00fcber wissen sollten<\/p>","protected":false},"author":3,"featured_media":1896,"comment_status":"open","ping_status":"open","sticky":false,"template":"","format":"standard","meta":{"footnotes":""},"categories":[43],"tags":[],"class_list":["post-1893","post","type-post","status-publish","format-standard","has-post-thumbnail","hentry","category-wichtige-infos-fuer-betroffene-und-angehoerige"],"yoast_head":"<!-- This site is optimized with the Yoast SEO plugin v27.2 - https:\/\/yoast.com\/product\/yoast-seo-wordpress\/ -->\n<title>Das Sundowning-Ph\u00e4nomen bei Demenz - memodio<\/title>\n<meta name=\"description\" content=\"Abends oder nachts k\u00f6nnen Verhaltens\u00e4nderungen bei Menschen mit Demenz auftreten. Was ist das Sundowning-Ph\u00e4nomen?\" \/>\n<meta name=\"robots\" content=\"index, follow, max-snippet:-1, max-image-preview:large, max-video-preview:-1\" \/>\n<link rel=\"canonical\" href=\"https:\/\/lime-camel-596070.hostingersite.com\/blog\/sundowning-phaenomen\/\" \/>\n<meta property=\"og:locale\" content=\"en_US\" \/>\n<meta property=\"og:type\" content=\"article\" \/>\n<meta property=\"og:title\" content=\"Das Sundowning-Ph\u00e4nomen bei Demenz - memodio\" \/>\n<meta property=\"og:description\" content=\"Abends oder nachts k\u00f6nnen Verhaltens\u00e4nderungen bei Menschen mit Demenz auftreten. Was ist das Sundowning-Ph\u00e4nomen?\" \/>\n<meta property=\"og:url\" content=\"https:\/\/lime-camel-596070.hostingersite.com\/blog\/sundowning-phaenomen\/\" \/>\n<meta property=\"og:site_name\" content=\"memodio\" \/>\n<meta property=\"article:published_time\" content=\"2025-09-22T13:56:00+00:00\" \/>\n<meta property=\"article:modified_time\" content=\"2025-10-15T10:07:34+00:00\" \/>\n<meta property=\"og:image\" content=\"https:\/\/lime-camel-596070.hostingersite.com\/wp-content\/uploads\/2025\/09\/OMi-4-1.png\" \/>\n\t<meta property=\"og:image:width\" content=\"1920\" \/>\n\t<meta property=\"og:image:height\" content=\"1080\" \/>\n\t<meta property=\"og:image:type\" content=\"image\/png\" \/>\n<meta name=\"author\" content=\"Valentina Weil\" \/>\n<meta name=\"twitter:card\" content=\"summary_large_image\" \/>\n<meta name=\"twitter:label1\" content=\"Written by\" \/>\n\t<meta name=\"twitter:data1\" content=\"Valentina Weil\" \/>\n\t<meta name=\"twitter:label2\" content=\"Est. reading time\" \/>\n\t<meta name=\"twitter:data2\" content=\"3 minutes\" \/>\n<script type=\"application\/ld+json\" class=\"yoast-schema-graph\">{\"@context\":\"https:\/\/schema.org\",\"@graph\":[{\"@type\":\"Article\",\"@id\":\"https:\/\/lime-camel-596070.hostingersite.com\/blog\/sundowning-phaenomen\/#article\",\"isPartOf\":{\"@id\":\"https:\/\/lime-camel-596070.hostingersite.com\/blog\/sundowning-phaenomen\/\"},\"author\":{\"name\":\"Valentina Weil\",\"@id\":\"https:\/\/lime-camel-596070.hostingersite.com\/#\/schema\/person\/2df8e18e9438c67801372575697bc6c2\"},\"headline\":\"Das Sundowning-Ph\u00e4nomen bei Demenz\",\"datePublished\":\"2025-09-22T13:56:00+00:00\",\"dateModified\":\"2025-10-15T10:07:34+00:00\",\"mainEntityOfPage\":{\"@id\":\"https:\/\/lime-camel-596070.hostingersite.com\/blog\/sundowning-phaenomen\/\"},\"wordCount\":656,\"commentCount\":0,\"publisher\":{\"@id\":\"https:\/\/lime-camel-596070.hostingersite.com\/#organization\"},\"image\":{\"@id\":\"https:\/\/lime-camel-596070.hostingersite.com\/blog\/sundowning-phaenomen\/#primaryimage\"},\"thumbnailUrl\":\"https:\/\/memodio-app.com\/wp-content\/uploads\/2025\/09\/OMi-4-1.png\",\"articleSection\":[\"Wichtige Infos f\u00fcr Betroffene und Angeh\u00f6rige\"],\"inLanguage\":\"en-US\",\"potentialAction\":[{\"@type\":\"CommentAction\",\"name\":\"Comment\",\"target\":[\"https:\/\/lime-camel-596070.hostingersite.com\/blog\/sundowning-phaenomen\/#respond\"]}]},{\"@type\":\"WebPage\",\"@id\":\"https:\/\/lime-camel-596070.hostingersite.com\/blog\/sundowning-phaenomen\/\",\"url\":\"https:\/\/lime-camel-596070.hostingersite.com\/blog\/sundowning-phaenomen\/\",\"name\":\"Das Sundowning-Ph\u00e4nomen bei Demenz - memodio\",\"isPartOf\":{\"@id\":\"https:\/\/lime-camel-596070.hostingersite.com\/#website\"},\"primaryImageOfPage\":{\"@id\":\"https:\/\/lime-camel-596070.hostingersite.com\/blog\/sundowning-phaenomen\/#primaryimage\"},\"image\":{\"@id\":\"https:\/\/lime-camel-596070.hostingersite.com\/blog\/sundowning-phaenomen\/#primaryimage\"},\"thumbnailUrl\":\"https:\/\/memodio-app.com\/wp-content\/uploads\/2025\/09\/OMi-4-1.png\",\"datePublished\":\"2025-09-22T13:56:00+00:00\",\"dateModified\":\"2025-10-15T10:07:34+00:00\",\"description\":\"Abends oder nachts k\u00f6nnen Verhaltens\u00e4nderungen bei Menschen mit Demenz auftreten. Was ist das Sundowning-Ph\u00e4nomen?\",\"breadcrumb\":{\"@id\":\"https:\/\/lime-camel-596070.hostingersite.com\/blog\/sundowning-phaenomen\/#breadcrumb\"},\"inLanguage\":\"en-US\",\"potentialAction\":[{\"@type\":\"ReadAction\",\"target\":[\"https:\/\/lime-camel-596070.hostingersite.com\/blog\/sundowning-phaenomen\/\"]}]},{\"@type\":\"ImageObject\",\"inLanguage\":\"en-US\",\"@id\":\"https:\/\/lime-camel-596070.hostingersite.com\/blog\/sundowning-phaenomen\/#primaryimage\",\"url\":\"https:\/\/memodio-app.com\/wp-content\/uploads\/2025\/09\/OMi-4-1.png\",\"contentUrl\":\"https:\/\/memodio-app.com\/wp-content\/uploads\/2025\/09\/OMi-4-1.png\",\"width\":1920,\"height\":1080},{\"@type\":\"BreadcrumbList\",\"@id\":\"https:\/\/lime-camel-596070.hostingersite.com\/blog\/sundowning-phaenomen\/#breadcrumb\",\"itemListElement\":[{\"@type\":\"ListItem\",\"position\":1,\"name\":\"Home\",\"item\":\"https:\/\/memodio-app.com\/\"},{\"@type\":\"ListItem\",\"position\":2,\"name\":\"Das Sundowning-Ph\u00e4nomen bei Demenz\"}]},{\"@type\":\"WebSite\",\"@id\":\"https:\/\/lime-camel-596070.hostingersite.com\/#website\",\"url\":\"https:\/\/lime-camel-596070.hostingersite.com\/\",\"name\":\"memodio\",\"description\":\"\",\"publisher\":{\"@id\":\"https:\/\/lime-camel-596070.hostingersite.com\/#organization\"},\"potentialAction\":[{\"@type\":\"SearchAction\",\"target\":{\"@type\":\"EntryPoint\",\"urlTemplate\":\"https:\/\/lime-camel-596070.hostingersite.com\/?s={search_term_string}\"},\"query-input\":{\"@type\":\"PropertyValueSpecification\",\"valueRequired\":true,\"valueName\":\"search_term_string\"}}],\"inLanguage\":\"en-US\"},{\"@type\":\"Organization\",\"@id\":\"https:\/\/lime-camel-596070.hostingersite.com\/#organization\",\"name\":\"memodio GmbH\",\"url\":\"https:\/\/lime-camel-596070.hostingersite.com\/\",\"logo\":{\"@type\":\"ImageObject\",\"inLanguage\":\"en-US\",\"@id\":\"https:\/\/lime-camel-596070.hostingersite.com\/#\/schema\/logo\/image\/\",\"url\":\"https:\/\/memodio-app.com\/wp-content\/uploads\/2025\/08\/logo_text_black.svg\",\"contentUrl\":\"https:\/\/memodio-app.com\/wp-content\/uploads\/2025\/08\/logo_text_black.svg\",\"width\":311,\"height\":64,\"caption\":\"memodio GmbH\"},\"image\":{\"@id\":\"https:\/\/lime-camel-596070.hostingersite.com\/#\/schema\/logo\/image\/\"}},{\"@type\":\"Person\",\"@id\":\"https:\/\/lime-camel-596070.hostingersite.com\/#\/schema\/person\/2df8e18e9438c67801372575697bc6c2\",\"name\":\"Valentina Weil\",\"image\":{\"@type\":\"ImageObject\",\"inLanguage\":\"en-US\",\"@id\":\"https:\/\/memodio-app.com\/wp-content\/litespeed\/avatar\/82d3e12283859ddc75c23ce4b23c802b.jpg?ver=1776868394\",\"url\":\"https:\/\/memodio-app.com\/wp-content\/litespeed\/avatar\/82d3e12283859ddc75c23ce4b23c802b.jpg?ver=1776868394\",\"contentUrl\":\"https:\/\/memodio-app.com\/wp-content\/litespeed\/avatar\/82d3e12283859ddc75c23ce4b23c802b.jpg?ver=1776868394\",\"caption\":\"Valentina Weil\"},\"url\":\"https:\/\/memodio-app.com\/en\/blog\/author\/valentina-weilmemodio-app-com\/\"}]}<\/script>\n<!-- \/ Yoast SEO plugin. -->","yoast_head_json":{"title":"Das Sundowning-Ph\u00e4nomen bei Demenz - memodio","description":"Abends oder nachts k\u00f6nnen Verhaltens\u00e4nderungen bei Menschen mit Demenz auftreten. Was ist das Sundowning-Ph\u00e4nomen?","robots":{"index":"index","follow":"follow","max-snippet":"max-snippet:-1","max-image-preview":"max-image-preview:large","max-video-preview":"max-video-preview:-1"},"canonical":"https:\/\/lime-camel-596070.hostingersite.com\/blog\/sundowning-phaenomen\/","og_locale":"en_US","og_type":"article","og_title":"Das Sundowning-Ph\u00e4nomen bei Demenz - memodio","og_description":"Abends oder nachts k\u00f6nnen Verhaltens\u00e4nderungen bei Menschen mit Demenz auftreten. Was ist das Sundowning-Ph\u00e4nomen?","og_url":"https:\/\/lime-camel-596070.hostingersite.com\/blog\/sundowning-phaenomen\/","og_site_name":"memodio","article_published_time":"2025-09-22T13:56:00+00:00","article_modified_time":"2025-10-15T10:07:34+00:00","og_image":[{"width":1920,"height":1080,"url":"https:\/\/lime-camel-596070.hostingersite.com\/wp-content\/uploads\/2025\/09\/OMi-4-1.png","type":"image\/png"}],"author":"Valentina Weil","twitter_card":"summary_large_image","twitter_misc":{"Written by":"Valentina Weil","Est. reading time":"3 minutes"},"schema":{"@context":"https:\/\/schema.org","@graph":[{"@type":"Article","@id":"https:\/\/lime-camel-596070.hostingersite.com\/blog\/sundowning-phaenomen\/#article","isPartOf":{"@id":"https:\/\/lime-camel-596070.hostingersite.com\/blog\/sundowning-phaenomen\/"},"author":{"name":"Valentina Weil","@id":"https:\/\/lime-camel-596070.hostingersite.com\/#\/schema\/person\/2df8e18e9438c67801372575697bc6c2"},"headline":"Das Sundowning-Ph\u00e4nomen bei Demenz","datePublished":"2025-09-22T13:56:00+00:00","dateModified":"2025-10-15T10:07:34+00:00","mainEntityOfPage":{"@id":"https:\/\/lime-camel-596070.hostingersite.com\/blog\/sundowning-phaenomen\/"},"wordCount":656,"commentCount":0,"publisher":{"@id":"https:\/\/lime-camel-596070.hostingersite.com\/#organization"},"image":{"@id":"https:\/\/lime-camel-596070.hostingersite.com\/blog\/sundowning-phaenomen\/#primaryimage"},"thumbnailUrl":"https:\/\/memodio-app.com\/wp-content\/uploads\/2025\/09\/OMi-4-1.png","articleSection":["Wichtige Infos f\u00fcr Betroffene und Angeh\u00f6rige"],"inLanguage":"en-US","potentialAction":[{"@type":"CommentAction","name":"Comment","target":["https:\/\/lime-camel-596070.hostingersite.com\/blog\/sundowning-phaenomen\/#respond"]}]},{"@type":"WebPage","@id":"https:\/\/lime-camel-596070.hostingersite.com\/blog\/sundowning-phaenomen\/","url":"https:\/\/lime-camel-596070.hostingersite.com\/blog\/sundowning-phaenomen\/","name":"Das Sundowning-Ph\u00e4nomen bei Demenz - memodio","isPartOf":{"@id":"https:\/\/lime-camel-596070.hostingersite.com\/#website"},"primaryImageOfPage":{"@id":"https:\/\/lime-camel-596070.hostingersite.com\/blog\/sundowning-phaenomen\/#primaryimage"},"image":{"@id":"https:\/\/lime-camel-596070.hostingersite.com\/blog\/sundowning-phaenomen\/#primaryimage"},"thumbnailUrl":"https:\/\/memodio-app.com\/wp-content\/uploads\/2025\/09\/OMi-4-1.png","datePublished":"2025-09-22T13:56:00+00:00","dateModified":"2025-10-15T10:07:34+00:00","description":"Abends oder nachts k\u00f6nnen Verhaltens\u00e4nderungen bei Menschen mit Demenz auftreten. Was ist das Sundowning-Ph\u00e4nomen?","breadcrumb":{"@id":"https:\/\/lime-camel-596070.hostingersite.com\/blog\/sundowning-phaenomen\/#breadcrumb"},"inLanguage":"en-US","potentialAction":[{"@type":"ReadAction","target":["https:\/\/lime-camel-596070.hostingersite.com\/blog\/sundowning-phaenomen\/"]}]},{"@type":"ImageObject","inLanguage":"en-US","@id":"https:\/\/lime-camel-596070.hostingersite.com\/blog\/sundowning-phaenomen\/#primaryimage","url":"https:\/\/memodio-app.com\/wp-content\/uploads\/2025\/09\/OMi-4-1.png","contentUrl":"https:\/\/memodio-app.com\/wp-content\/uploads\/2025\/09\/OMi-4-1.png","width":1920,"height":1080},{"@type":"BreadcrumbList","@id":"https:\/\/lime-camel-596070.hostingersite.com\/blog\/sundowning-phaenomen\/#breadcrumb","itemListElement":[{"@type":"ListItem","position":1,"name":"Home","item":"https:\/\/memodio-app.com\/"},{"@type":"ListItem","position":2,"name":"Das Sundowning-Ph\u00e4nomen bei Demenz"}]},{"@type":"WebSite","@id":"https:\/\/lime-camel-596070.hostingersite.com\/#website","url":"https:\/\/lime-camel-596070.hostingersite.com\/","name":"memodio","description":"","publisher":{"@id":"https:\/\/lime-camel-596070.hostingersite.com\/#organization"},"potentialAction":[{"@type":"SearchAction","target":{"@type":"EntryPoint","urlTemplate":"https:\/\/lime-camel-596070.hostingersite.com\/?s={search_term_string}"},"query-input":{"@type":"PropertyValueSpecification","valueRequired":true,"valueName":"search_term_string"}}],"inLanguage":"en-US"},{"@type":"Organization","@id":"https:\/\/lime-camel-596070.hostingersite.com\/#organization","name":"memodio GmbH","url":"https:\/\/lime-camel-596070.hostingersite.com\/","logo":{"@type":"ImageObject","inLanguage":"en-US","@id":"https:\/\/lime-camel-596070.hostingersite.com\/#\/schema\/logo\/image\/","url":"https:\/\/memodio-app.com\/wp-content\/uploads\/2025\/08\/logo_text_black.svg","contentUrl":"https:\/\/memodio-app.com\/wp-content\/uploads\/2025\/08\/logo_text_black.svg","width":311,"height":64,"caption":"memodio GmbH"},"image":{"@id":"https:\/\/lime-camel-596070.hostingersite.com\/#\/schema\/logo\/image\/"}},{"@type":"Person","@id":"https:\/\/lime-camel-596070.hostingersite.com\/#\/schema\/person\/2df8e18e9438c67801372575697bc6c2","name":"Valentina Weil","image":{"@type":"ImageObject","inLanguage":"en-US","@id":"https:\/\/memodio-app.com\/wp-content\/litespeed\/avatar\/82d3e12283859ddc75c23ce4b23c802b.jpg?ver=1776868394","url":"https:\/\/memodio-app.com\/wp-content\/litespeed\/avatar\/82d3e12283859ddc75c23ce4b23c802b.jpg?ver=1776868394","contentUrl":"https:\/\/memodio-app.com\/wp-content\/litespeed\/avatar\/82d3e12283859ddc75c23ce4b23c802b.jpg?ver=1776868394","caption":"Valentina Weil"},"url":"https:\/\/memodio-app.com\/en\/blog\/author\/valentina-weilmemodio-app-com\/"}]}},"_links":{"self":[{"href":"https:\/\/memodio-app.com\/en\/wp-json\/wp\/v2\/posts\/1893","targetHints":{"allow":["GET"]}}],"collection":[{"href":"https:\/\/memodio-app.com\/en\/wp-json\/wp\/v2\/posts"}],"about":[{"href":"https:\/\/memodio-app.com\/en\/wp-json\/wp\/v2\/types\/post"}],"author":[{"embeddable":true,"href":"https:\/\/memodio-app.com\/en\/wp-json\/wp\/v2\/users\/3"}],"replies":[{"embeddable":true,"href":"https:\/\/memodio-app.com\/en\/wp-json\/wp\/v2\/comments?post=1893"}],"version-history":[{"count":1,"href":"https:\/\/memodio-app.com\/en\/wp-json\/wp\/v2\/posts\/1893\/revisions"}],"predecessor-version":[{"id":1895,"href":"https:\/\/memodio-app.com\/en\/wp-json\/wp\/v2\/posts\/1893\/revisions\/1895"}],"wp:featuredmedia":[{"embeddable":true,"href":"https:\/\/memodio-app.com\/en\/wp-json\/wp\/v2\/media\/1896"}],"wp:attachment":[{"href":"https:\/\/memodio-app.com\/en\/wp-json\/wp\/v2\/media?parent=1893"}],"wp:term":[{"taxonomy":"category","embeddable":true,"href":"https:\/\/memodio-app.com\/en\/wp-json\/wp\/v2\/categories?post=1893"},{"taxonomy":"post_tag","embeddable":true,"href":"https:\/\/memodio-app.com\/en\/wp-json\/wp\/v2\/tags?post=1893"}],"curies":[{"name":"wp","href":"https:\/\/api.w.org\/{rel}","templated":true}]}}