{"id":1871,"date":"2025-09-18T11:46:27","date_gmt":"2025-09-18T11:46:27","guid":{"rendered":"https:\/\/memodio-app.com\/?p=1871"},"modified":"2025-10-15T10:06:27","modified_gmt":"2025-10-15T10:06:27","slug":"kognitive-stoerung","status":"publish","type":"post","link":"https:\/\/memodio-app.com\/en\/blog\/kognitive-stoerung\/","title":{"rendered":"Kognitive St\u00f6rung oder noch normal?"},"content":{"rendered":"<p>Mit zunehmendem Alter erleben viele von uns Momente, in denen wir Worte vergessen oder Schwierigkeiten haben, uns an bestimmte Details zu erinnern. Doch wie unterscheidet man normale altersbedingte Ver\u00e4nderungen von einer&nbsp;<strong>kognitiven St\u00f6rung<\/strong>? In diesem Artikel geben wir Ihnen detaillierte Informationen, um genau diese Frage zu kl\u00e4ren und helfen Ihnen, typische Anzeichen zu identifizieren.<\/p>\n\n\n\n<h2 class=\"wp-block-heading\">Was ist eine kognitive St\u00f6rung?<\/h2>\n\n\n\n<p>Fangen wir mit der Frage an, was eine kognitive St\u00f6rung eigentlich ist. Von einer kognitiven St\u00f6rung spricht man, wenn eine Person zeitweise oder andauernd Probleme mit der geistigen Leistungsf\u00e4higkeit \u2013 also dem Denken hat. Das kann sich auf ganz unterschiedliche Weisen ausdr\u00fccken. Oft zeigt sich eine beginnende kognitive St\u00f6rung mit einer zunehmenden Vergesslichkeit, doch im Verlauf kommen noch weitere Auff\u00e4lligkeiten hinzu. Dazu z\u00e4hlen zum Beispiel Orientierungsprobleme oder Konzentrationsst\u00f6rungen. Es kann auch die Kommunikation eingeschr\u00e4nkt sein. Damit ist gemeint, dass St\u00f6rungen in der Sprache auftreten. Vielleicht kennen Sie den Begriff\u00a0<em>Wortfindungsst\u00f6rungen<\/em>, der in diesem Zusammenhang h\u00e4ufig genannt wird.<\/p>\n\n\n\n<figure class=\"wp-block-image aligncenter size-full is-resized has-custom-border\"><img fetchpriority=\"high\" decoding=\"async\" width=\"940\" height=\"788\" src=\"https:\/\/memodio-app.com\/wp-content\/uploads\/2025\/09\/VergesslicheOmi-18.png\" alt=\"\" class=\"wp-image-1873\" style=\"border-radius:35px;width:472px;height:auto\" srcset=\"https:\/\/memodio-app.com\/wp-content\/uploads\/2025\/09\/VergesslicheOmi-18.png 940w, https:\/\/memodio-app.com\/wp-content\/uploads\/2025\/09\/VergesslicheOmi-18-300x251.png 300w, https:\/\/memodio-app.com\/wp-content\/uploads\/2025\/09\/VergesslicheOmi-18-768x644.png 768w, https:\/\/memodio-app.com\/wp-content\/uploads\/2025\/09\/VergesslicheOmi-18-14x12.png 14w\" sizes=\"(max-width: 940px) 100vw, 940px\" \/><figcaption class=\"wp-element-caption\">Kognitive Stimulation wie z.B. Puzzlen kann bei einer kognitiven St\u00f6rung helfen.<\/figcaption><\/figure>\n\n\n\n<p>Eine kognitive St\u00f6rung beeinflusst zunehmend den Alltag, das Berufsleben und die Lebensqualit\u00e4t. Trotzdem kann meist der Alltag eigenst\u00e4ndig bew\u00e4ltigt werden und es kommt zu keinen gro\u00dfen Funktionseinbu\u00dfen.<\/p>\n\n\n\n<p>Die verschiedenen Ursachen f\u00fcr kognitive St\u00f6rungen finden Sie auch in unserem\u00a0<a href=\"https:\/\/memodio-app.com\/en\/blog\/mci-definition\/\" target=\"_blank\" rel=\"noreferrer noopener\">Beitrag zu MCI<\/a>.<\/p>\n\n\n\n<div class=\"wp-block-group my-infobox is-layout-constrained wp-block-group-is-layout-constrained\">\n<h3 class=\"wp-block-heading\">Welche Faktoren beeinflussen unsere Kognition?<\/h3>\n\n\n\n<p><strong>Ern\u00e4hrung:<\/strong>\u00a0Eine ausgewogene Ern\u00e4hrung spielt eine wichtige Rolle bei der Hirngesundheit. Besonders h\u00e4ufig wird f\u00fcr die Kognition die Mittelmeer-Di\u00e4t empfohlen.<br><strong>Schlaf:<\/strong>\u00a0Ausreichender und qualitativer Schlaf ist entscheidend f\u00fcr kognitive Funktionen.<br><strong>Stress:<\/strong>\u00a0Chronischer Stress kann das Ged\u00e4chtnis und andere kognitive F\u00e4higkeiten beeintr\u00e4chtigen.<br><strong>Bewegung:<\/strong>\u00a0Regelm\u00e4\u00dfige k\u00f6rperliche Aktivit\u00e4t kann das Risiko kognitiver Beeintr\u00e4chtigungen verringern.<\/p>\n<\/div>\n\n\n\n<h2 class=\"wp-block-heading\">Normale altersbedingte Ver\u00e4nderungen im Gehirn<\/h2>\n\n\n\n<p>W\u00e4hrend des Alterungsprozesses erf\u00e4hrt das Gehirn nat\u00fcrliche Ver\u00e4nderungen. Es ist normal:<\/p>\n\n\n\n<ul class=\"wp-block-list\">\n<li>Gelegentlich den Namen einer Person zu vergessen, aber sich sp\u00e4ter daran zu erinnern<\/li>\n\n\n\n<li>Manchmal Schwierigkeiten zu haben, das richtige Wort zu finden<\/li>\n\n\n\n<li>Die Schl\u00fcssel oder Brille gelegentlich zu verlegen<\/li>\n\n\n\n<li>Sich gelegentlich dar\u00fcber zu wundern, warum man in einen Raum gegangen ist<\/li>\n\n\n\n<li>Gelegentliche M\u00fche beim Multitasking<\/li>\n<\/ul>\n\n\n\n<h2 class=\"wp-block-heading\">Symptome einer kognitiven St\u00f6rung<\/h2>\n\n\n\n<p>Im Gegensatz zu normalen Alterungsprozessen k\u00f6nnen folgende Symptome auf eine kognitive St\u00f6rung hinweisen:<\/p>\n\n\n\n<ul class=\"wp-block-list\">\n<li>Regelm\u00e4\u00dfiges Vergessen von Namen, Terminen oder k\u00fcrzlich erlernten Informationen<\/li>\n\n\n\n<li>Schwierigkeiten bei Routineaufgaben, die fr\u00fcher einfach waren<\/li>\n\n\n\n<li>Verwirrung \u00fcber Zeit und Ort<\/li>\n\n\n\n<li>Schwierigkeiten beim r\u00e4umlichen Denken und Verstehen von visuellen Bildern<\/li>\n\n\n\n<li>Probleme beim Sprechen oder Schreiben<\/li>\n\n\n\n<li>Schwierigkeiten beim Treffen von Entscheidungen<\/li>\n\n\n\n<li>R\u00fcckzug von sozialen Aktivit\u00e4ten oder Hobbys<\/li>\n<\/ul>\n\n\n\n<p>Wenn diese Symptome h\u00e4ufiger auftreten sollten, ergibt es Sinn einen Arzt aufzusuchen, welcher spezifische Tests durchf\u00fchren kann. Aber wie l\u00e4uft die Diagnostik dann ab?<\/p>\n\n\n\n<h2 class=\"wp-block-heading\">Testverfahren und Diagnostik<\/h2>\n\n\n\n<p>Die Diagnostik einer&nbsp;<strong>kognitiven St\u00f6rung<\/strong>&nbsp;erfordert eine umfassende Bewertung, die sowohl klinische Untersuchungen als auch spezifische Tests umfasst. Hier ein \u00dcberblick \u00fcber die Schritte und Verfahren, die in der Regel in diesem Prozess eingesetzt werden:<\/p>\n\n\n\n<h3 class=\"wp-block-heading\">Klinisches Interview<\/h3>\n\n\n\n<p>Der erste Schritt in der Diagnostik besteht h\u00e4ufig aus einem ausf\u00fchrlichen Gespr\u00e4ch zwischen dem Patienten, seinen Angeh\u00f6rigen und dem Arzt. Hier werden vor allem die Krankengeschichte, aktuelle Symptome und die allgemeine Lebenssituation erfasst.<\/p>\n\n\n\n<h3 class=\"wp-block-heading\">Neuropsychologische Tests<\/h3>\n\n\n\n<p>Diese Tests messen die kognitiven F\u00e4higkeiten des Patienten in verschiedenen Bereichen wie Ged\u00e4chtnis, Aufmerksamkeit, Sprachverm\u00f6gen und Probleml\u00f6sungsf\u00e4higkeiten. Sie helfen dabei, spezifische Bereiche der Beeintr\u00e4chtigung zu identifizieren und den Schweregrad der St\u00f6rung zu bestimmen.<\/p>\n\n\n\n<h3 class=\"wp-block-heading\">Bildgebende Verfahren<\/h3>\n\n\n\n<ul class=\"wp-block-list\">\n<li><strong>MRT (Magnetresonanztomographie)<\/strong>: Mit diesem Verfahren k\u00f6nnen detaillierte Bilder des Gehirns erstellt werden, um strukturelle Ver\u00e4nderungen oder Anomalien zu erkennen.<\/li>\n\n\n\n<li><strong>PET (Positronen-Emissions-Tomographie)<\/strong>: Wird h\u00e4ufig eingesetzt, um den Stoffwechsel im Gehirn zu beurteilen und Ablagerungen zu erkennen, die mit bestimmten kognitiven St\u00f6rungen in Verbindung stehen k\u00f6nnten.<\/li>\n<\/ul>\n\n\n\n<h3 class=\"wp-block-heading\">Labortests<\/h3>\n\n\n\n<p>Bluttests oder andere Laboruntersuchungen k\u00f6nnen helfen, andere m\u00f6gliche Ursachen f\u00fcr kognitive Symptome, wie Vitaminmangel, Schilddr\u00fcsenprobleme oder Infektionen, auszuschlie\u00dfen.<\/p>\n\n\n\n<figure class=\"wp-block-image aligncenter size-full is-resized has-custom-border\"><img decoding=\"async\" width=\"940\" height=\"788\" src=\"https:\/\/memodio-app.com\/wp-content\/uploads\/2025\/09\/VergesslicheOmi-19.png\" alt=\"\" class=\"wp-image-1874\" style=\"border-radius:35px;width:438px;height:auto\" srcset=\"https:\/\/memodio-app.com\/wp-content\/uploads\/2025\/09\/VergesslicheOmi-19.png 940w, https:\/\/memodio-app.com\/wp-content\/uploads\/2025\/09\/VergesslicheOmi-19-300x251.png 300w, https:\/\/memodio-app.com\/wp-content\/uploads\/2025\/09\/VergesslicheOmi-19-768x644.png 768w, https:\/\/memodio-app.com\/wp-content\/uploads\/2025\/09\/VergesslicheOmi-19-14x12.png 14w\" sizes=\"(max-width: 940px) 100vw, 940px\" \/><figcaption class=\"wp-element-caption\">Eine ausf\u00fchrliche Diagnostik ist wichtig, um den Schweregrad einer kognitiven St\u00f6rung festzustellen.<\/figcaption><\/figure>\n\n\n\n<h2 class=\"wp-block-heading\">Was kann ich tun, um keine kognitive St\u00f6rung zu bekommen?<\/h2>\n\n\n\n<p>Gegen ein paar Dinge, wie das Altern oder unsere\u00a0<a href=\"https:\/\/memodio-app.com\/en\/blog\/ist-demenz-vererbbar\/\">Gene\u00a0<\/a>k\u00f6nnen wir nichts tun, aber im Alltag kann man einige Dinge umsetzen, um den Zustand zu erhalten. Es ist zum Beispiel wichtig, sein Gehirn regelm\u00e4\u00dfig mit neuen Dingen zu f\u00fcttern und Inputs zu bieten. Mehr Tipps findest du in unserem\u00a0<a href=\"https:\/\/memodio-app.com\/en\/blog\/gesund-und-rege-im-alter\/\" target=\"_blank\" rel=\"noreferrer noopener\">Beitrag<\/a>\u00a0zu dem Thema.<\/p>\n\n\n\n<h2 class=\"wp-block-heading\">Zusammenfassung<\/h2>\n\n\n\n<p>Die Abgrenzung zwischen normalen Alterserscheinungen und Symptomen einer\u00a0<strong>kognitiven St\u00f6rung<\/strong>\u00a0kann komplex sein. Es ist jedoch essentiell, bei Anzeichen rechtzeitig \u00e4rztlichen Rat einzuholen, um bestm\u00f6gliche Therapien und Strategien anwenden zu k\u00f6nnen.<\/p>","protected":false},"excerpt":{"rendered":"<p>Wann beginnt eine kognitive St\u00f6rung?<\/p>","protected":false},"author":3,"featured_media":1876,"comment_status":"open","ping_status":"open","sticky":false,"template":"","format":"standard","meta":{"footnotes":""},"categories":[41],"tags":[],"class_list":["post-1871","post","type-post","status-publish","format-standard","has-post-thumbnail","hentry","category-fruehe-demenz-erkennen"],"yoast_head":"<!-- This site is optimized with the Yoast SEO plugin v27.2 - https:\/\/yoast.com\/product\/yoast-seo-wordpress\/ -->\n<title>Kognitive St\u00f6rung oder noch normal? - memodio<\/title>\n<meta name=\"description\" content=\"Bestimmt kennen Sie das: man geht aus dem Zimmer und hat vergessen, was man eigentlich wollte. Ab wann spricht man von kognitiver St\u00f6rung?\" \/>\n<meta name=\"robots\" content=\"index, follow, max-snippet:-1, max-image-preview:large, max-video-preview:-1\" \/>\n<link rel=\"canonical\" href=\"https:\/\/lime-camel-596070.hostingersite.com\/blog\/kognitive-stoerung\/\" \/>\n<meta property=\"og:locale\" content=\"en_US\" \/>\n<meta property=\"og:type\" content=\"article\" \/>\n<meta property=\"og:title\" content=\"Kognitive St\u00f6rung oder noch normal? - memodio\" \/>\n<meta property=\"og:description\" content=\"Bestimmt kennen Sie das: man geht aus dem Zimmer und hat vergessen, was man eigentlich wollte. Ab wann spricht man von kognitiver St\u00f6rung?\" \/>\n<meta property=\"og:url\" content=\"https:\/\/lime-camel-596070.hostingersite.com\/blog\/kognitive-stoerung\/\" \/>\n<meta property=\"og:site_name\" content=\"memodio\" \/>\n<meta property=\"article:published_time\" content=\"2025-09-18T11:46:27+00:00\" \/>\n<meta property=\"article:modified_time\" content=\"2025-10-15T10:06:27+00:00\" \/>\n<meta property=\"og:image\" content=\"https:\/\/lime-camel-596070.hostingersite.com\/wp-content\/uploads\/2025\/09\/OMi-14-1-1024x576.png\" \/>\n\t<meta property=\"og:image:width\" content=\"1024\" \/>\n\t<meta property=\"og:image:height\" content=\"576\" \/>\n\t<meta property=\"og:image:type\" content=\"image\/png\" \/>\n<meta name=\"author\" content=\"Valentina Weil\" \/>\n<meta name=\"twitter:card\" content=\"summary_large_image\" \/>\n<meta name=\"twitter:label1\" content=\"Written by\" \/>\n\t<meta name=\"twitter:data1\" content=\"Valentina Weil\" \/>\n\t<meta name=\"twitter:label2\" content=\"Est. reading time\" \/>\n\t<meta name=\"twitter:data2\" content=\"4 minutes\" \/>\n<script type=\"application\/ld+json\" class=\"yoast-schema-graph\">{\"@context\":\"https:\/\/schema.org\",\"@graph\":[{\"@type\":\"Article\",\"@id\":\"https:\/\/lime-camel-596070.hostingersite.com\/blog\/kognitive-stoerung\/#article\",\"isPartOf\":{\"@id\":\"https:\/\/lime-camel-596070.hostingersite.com\/blog\/kognitive-stoerung\/\"},\"author\":{\"name\":\"Valentina Weil\",\"@id\":\"https:\/\/lime-camel-596070.hostingersite.com\/#\/schema\/person\/2df8e18e9438c67801372575697bc6c2\"},\"headline\":\"Kognitive St\u00f6rung oder noch normal?\",\"datePublished\":\"2025-09-18T11:46:27+00:00\",\"dateModified\":\"2025-10-15T10:06:27+00:00\",\"mainEntityOfPage\":{\"@id\":\"https:\/\/lime-camel-596070.hostingersite.com\/blog\/kognitive-stoerung\/\"},\"wordCount\":792,\"commentCount\":0,\"publisher\":{\"@id\":\"https:\/\/lime-camel-596070.hostingersite.com\/#organization\"},\"image\":{\"@id\":\"https:\/\/lime-camel-596070.hostingersite.com\/blog\/kognitive-stoerung\/#primaryimage\"},\"thumbnailUrl\":\"https:\/\/memodio-app.com\/wp-content\/uploads\/2025\/09\/OMi-14-1.png\",\"articleSection\":[\"Fr\u00fche Demenz erkennen\"],\"inLanguage\":\"en-US\",\"potentialAction\":[{\"@type\":\"CommentAction\",\"name\":\"Comment\",\"target\":[\"https:\/\/lime-camel-596070.hostingersite.com\/blog\/kognitive-stoerung\/#respond\"]}]},{\"@type\":\"WebPage\",\"@id\":\"https:\/\/lime-camel-596070.hostingersite.com\/blog\/kognitive-stoerung\/\",\"url\":\"https:\/\/lime-camel-596070.hostingersite.com\/blog\/kognitive-stoerung\/\",\"name\":\"Kognitive St\u00f6rung oder noch normal? - memodio\",\"isPartOf\":{\"@id\":\"https:\/\/lime-camel-596070.hostingersite.com\/#website\"},\"primaryImageOfPage\":{\"@id\":\"https:\/\/lime-camel-596070.hostingersite.com\/blog\/kognitive-stoerung\/#primaryimage\"},\"image\":{\"@id\":\"https:\/\/lime-camel-596070.hostingersite.com\/blog\/kognitive-stoerung\/#primaryimage\"},\"thumbnailUrl\":\"https:\/\/memodio-app.com\/wp-content\/uploads\/2025\/09\/OMi-14-1.png\",\"datePublished\":\"2025-09-18T11:46:27+00:00\",\"dateModified\":\"2025-10-15T10:06:27+00:00\",\"description\":\"Bestimmt kennen Sie das: man geht aus dem Zimmer und hat vergessen, was man eigentlich wollte. Ab wann spricht man von kognitiver St\u00f6rung?\",\"breadcrumb\":{\"@id\":\"https:\/\/lime-camel-596070.hostingersite.com\/blog\/kognitive-stoerung\/#breadcrumb\"},\"inLanguage\":\"en-US\",\"potentialAction\":[{\"@type\":\"ReadAction\",\"target\":[\"https:\/\/lime-camel-596070.hostingersite.com\/blog\/kognitive-stoerung\/\"]}]},{\"@type\":\"ImageObject\",\"inLanguage\":\"en-US\",\"@id\":\"https:\/\/lime-camel-596070.hostingersite.com\/blog\/kognitive-stoerung\/#primaryimage\",\"url\":\"https:\/\/memodio-app.com\/wp-content\/uploads\/2025\/09\/OMi-14-1.png\",\"contentUrl\":\"https:\/\/memodio-app.com\/wp-content\/uploads\/2025\/09\/OMi-14-1.png\",\"width\":1920,\"height\":1080},{\"@type\":\"BreadcrumbList\",\"@id\":\"https:\/\/lime-camel-596070.hostingersite.com\/blog\/kognitive-stoerung\/#breadcrumb\",\"itemListElement\":[{\"@type\":\"ListItem\",\"position\":1,\"name\":\"Home\",\"item\":\"https:\/\/memodio-app.com\/\"},{\"@type\":\"ListItem\",\"position\":2,\"name\":\"Kognitive St\u00f6rung oder noch normal?\"}]},{\"@type\":\"WebSite\",\"@id\":\"https:\/\/lime-camel-596070.hostingersite.com\/#website\",\"url\":\"https:\/\/lime-camel-596070.hostingersite.com\/\",\"name\":\"memodio\",\"description\":\"\",\"publisher\":{\"@id\":\"https:\/\/lime-camel-596070.hostingersite.com\/#organization\"},\"potentialAction\":[{\"@type\":\"SearchAction\",\"target\":{\"@type\":\"EntryPoint\",\"urlTemplate\":\"https:\/\/lime-camel-596070.hostingersite.com\/?s={search_term_string}\"},\"query-input\":{\"@type\":\"PropertyValueSpecification\",\"valueRequired\":true,\"valueName\":\"search_term_string\"}}],\"inLanguage\":\"en-US\"},{\"@type\":\"Organization\",\"@id\":\"https:\/\/lime-camel-596070.hostingersite.com\/#organization\",\"name\":\"memodio GmbH\",\"url\":\"https:\/\/lime-camel-596070.hostingersite.com\/\",\"logo\":{\"@type\":\"ImageObject\",\"inLanguage\":\"en-US\",\"@id\":\"https:\/\/lime-camel-596070.hostingersite.com\/#\/schema\/logo\/image\/\",\"url\":\"https:\/\/memodio-app.com\/wp-content\/uploads\/2025\/08\/logo_text_black.svg\",\"contentUrl\":\"https:\/\/memodio-app.com\/wp-content\/uploads\/2025\/08\/logo_text_black.svg\",\"width\":311,\"height\":64,\"caption\":\"memodio GmbH\"},\"image\":{\"@id\":\"https:\/\/lime-camel-596070.hostingersite.com\/#\/schema\/logo\/image\/\"}},{\"@type\":\"Person\",\"@id\":\"https:\/\/lime-camel-596070.hostingersite.com\/#\/schema\/person\/2df8e18e9438c67801372575697bc6c2\",\"name\":\"Valentina Weil\",\"image\":{\"@type\":\"ImageObject\",\"inLanguage\":\"en-US\",\"@id\":\"https:\/\/memodio-app.com\/wp-content\/litespeed\/avatar\/82d3e12283859ddc75c23ce4b23c802b.jpg?ver=1776868394\",\"url\":\"https:\/\/memodio-app.com\/wp-content\/litespeed\/avatar\/82d3e12283859ddc75c23ce4b23c802b.jpg?ver=1776868394\",\"contentUrl\":\"https:\/\/memodio-app.com\/wp-content\/litespeed\/avatar\/82d3e12283859ddc75c23ce4b23c802b.jpg?ver=1776868394\",\"caption\":\"Valentina Weil\"},\"url\":\"https:\/\/memodio-app.com\/en\/blog\/author\/valentina-weilmemodio-app-com\/\"}]}<\/script>\n<!-- \/ Yoast SEO plugin. -->","yoast_head_json":{"title":"Kognitive St\u00f6rung oder noch normal? - memodio","description":"Bestimmt kennen Sie das: man geht aus dem Zimmer und hat vergessen, was man eigentlich wollte. Ab wann spricht man von kognitiver St\u00f6rung?","robots":{"index":"index","follow":"follow","max-snippet":"max-snippet:-1","max-image-preview":"max-image-preview:large","max-video-preview":"max-video-preview:-1"},"canonical":"https:\/\/lime-camel-596070.hostingersite.com\/blog\/kognitive-stoerung\/","og_locale":"en_US","og_type":"article","og_title":"Kognitive St\u00f6rung oder noch normal? - memodio","og_description":"Bestimmt kennen Sie das: man geht aus dem Zimmer und hat vergessen, was man eigentlich wollte. Ab wann spricht man von kognitiver St\u00f6rung?","og_url":"https:\/\/lime-camel-596070.hostingersite.com\/blog\/kognitive-stoerung\/","og_site_name":"memodio","article_published_time":"2025-09-18T11:46:27+00:00","article_modified_time":"2025-10-15T10:06:27+00:00","og_image":[{"width":1024,"height":576,"url":"https:\/\/lime-camel-596070.hostingersite.com\/wp-content\/uploads\/2025\/09\/OMi-14-1-1024x576.png","type":"image\/png"}],"author":"Valentina Weil","twitter_card":"summary_large_image","twitter_misc":{"Written by":"Valentina Weil","Est. reading time":"4 minutes"},"schema":{"@context":"https:\/\/schema.org","@graph":[{"@type":"Article","@id":"https:\/\/lime-camel-596070.hostingersite.com\/blog\/kognitive-stoerung\/#article","isPartOf":{"@id":"https:\/\/lime-camel-596070.hostingersite.com\/blog\/kognitive-stoerung\/"},"author":{"name":"Valentina Weil","@id":"https:\/\/lime-camel-596070.hostingersite.com\/#\/schema\/person\/2df8e18e9438c67801372575697bc6c2"},"headline":"Kognitive St\u00f6rung oder noch normal?","datePublished":"2025-09-18T11:46:27+00:00","dateModified":"2025-10-15T10:06:27+00:00","mainEntityOfPage":{"@id":"https:\/\/lime-camel-596070.hostingersite.com\/blog\/kognitive-stoerung\/"},"wordCount":792,"commentCount":0,"publisher":{"@id":"https:\/\/lime-camel-596070.hostingersite.com\/#organization"},"image":{"@id":"https:\/\/lime-camel-596070.hostingersite.com\/blog\/kognitive-stoerung\/#primaryimage"},"thumbnailUrl":"https:\/\/memodio-app.com\/wp-content\/uploads\/2025\/09\/OMi-14-1.png","articleSection":["Fr\u00fche Demenz erkennen"],"inLanguage":"en-US","potentialAction":[{"@type":"CommentAction","name":"Comment","target":["https:\/\/lime-camel-596070.hostingersite.com\/blog\/kognitive-stoerung\/#respond"]}]},{"@type":"WebPage","@id":"https:\/\/lime-camel-596070.hostingersite.com\/blog\/kognitive-stoerung\/","url":"https:\/\/lime-camel-596070.hostingersite.com\/blog\/kognitive-stoerung\/","name":"Kognitive St\u00f6rung oder noch normal? - memodio","isPartOf":{"@id":"https:\/\/lime-camel-596070.hostingersite.com\/#website"},"primaryImageOfPage":{"@id":"https:\/\/lime-camel-596070.hostingersite.com\/blog\/kognitive-stoerung\/#primaryimage"},"image":{"@id":"https:\/\/lime-camel-596070.hostingersite.com\/blog\/kognitive-stoerung\/#primaryimage"},"thumbnailUrl":"https:\/\/memodio-app.com\/wp-content\/uploads\/2025\/09\/OMi-14-1.png","datePublished":"2025-09-18T11:46:27+00:00","dateModified":"2025-10-15T10:06:27+00:00","description":"Bestimmt kennen Sie das: man geht aus dem Zimmer und hat vergessen, was man eigentlich wollte. Ab wann spricht man von kognitiver St\u00f6rung?","breadcrumb":{"@id":"https:\/\/lime-camel-596070.hostingersite.com\/blog\/kognitive-stoerung\/#breadcrumb"},"inLanguage":"en-US","potentialAction":[{"@type":"ReadAction","target":["https:\/\/lime-camel-596070.hostingersite.com\/blog\/kognitive-stoerung\/"]}]},{"@type":"ImageObject","inLanguage":"en-US","@id":"https:\/\/lime-camel-596070.hostingersite.com\/blog\/kognitive-stoerung\/#primaryimage","url":"https:\/\/memodio-app.com\/wp-content\/uploads\/2025\/09\/OMi-14-1.png","contentUrl":"https:\/\/memodio-app.com\/wp-content\/uploads\/2025\/09\/OMi-14-1.png","width":1920,"height":1080},{"@type":"BreadcrumbList","@id":"https:\/\/lime-camel-596070.hostingersite.com\/blog\/kognitive-stoerung\/#breadcrumb","itemListElement":[{"@type":"ListItem","position":1,"name":"Home","item":"https:\/\/memodio-app.com\/"},{"@type":"ListItem","position":2,"name":"Kognitive St\u00f6rung oder noch normal?"}]},{"@type":"WebSite","@id":"https:\/\/lime-camel-596070.hostingersite.com\/#website","url":"https:\/\/lime-camel-596070.hostingersite.com\/","name":"memodio","description":"","publisher":{"@id":"https:\/\/lime-camel-596070.hostingersite.com\/#organization"},"potentialAction":[{"@type":"SearchAction","target":{"@type":"EntryPoint","urlTemplate":"https:\/\/lime-camel-596070.hostingersite.com\/?s={search_term_string}"},"query-input":{"@type":"PropertyValueSpecification","valueRequired":true,"valueName":"search_term_string"}}],"inLanguage":"en-US"},{"@type":"Organization","@id":"https:\/\/lime-camel-596070.hostingersite.com\/#organization","name":"memodio GmbH","url":"https:\/\/lime-camel-596070.hostingersite.com\/","logo":{"@type":"ImageObject","inLanguage":"en-US","@id":"https:\/\/lime-camel-596070.hostingersite.com\/#\/schema\/logo\/image\/","url":"https:\/\/memodio-app.com\/wp-content\/uploads\/2025\/08\/logo_text_black.svg","contentUrl":"https:\/\/memodio-app.com\/wp-content\/uploads\/2025\/08\/logo_text_black.svg","width":311,"height":64,"caption":"memodio GmbH"},"image":{"@id":"https:\/\/lime-camel-596070.hostingersite.com\/#\/schema\/logo\/image\/"}},{"@type":"Person","@id":"https:\/\/lime-camel-596070.hostingersite.com\/#\/schema\/person\/2df8e18e9438c67801372575697bc6c2","name":"Valentina Weil","image":{"@type":"ImageObject","inLanguage":"en-US","@id":"https:\/\/memodio-app.com\/wp-content\/litespeed\/avatar\/82d3e12283859ddc75c23ce4b23c802b.jpg?ver=1776868394","url":"https:\/\/memodio-app.com\/wp-content\/litespeed\/avatar\/82d3e12283859ddc75c23ce4b23c802b.jpg?ver=1776868394","contentUrl":"https:\/\/memodio-app.com\/wp-content\/litespeed\/avatar\/82d3e12283859ddc75c23ce4b23c802b.jpg?ver=1776868394","caption":"Valentina Weil"},"url":"https:\/\/memodio-app.com\/en\/blog\/author\/valentina-weilmemodio-app-com\/"}]}},"_links":{"self":[{"href":"https:\/\/memodio-app.com\/en\/wp-json\/wp\/v2\/posts\/1871","targetHints":{"allow":["GET"]}}],"collection":[{"href":"https:\/\/memodio-app.com\/en\/wp-json\/wp\/v2\/posts"}],"about":[{"href":"https:\/\/memodio-app.com\/en\/wp-json\/wp\/v2\/types\/post"}],"author":[{"embeddable":true,"href":"https:\/\/memodio-app.com\/en\/wp-json\/wp\/v2\/users\/3"}],"replies":[{"embeddable":true,"href":"https:\/\/memodio-app.com\/en\/wp-json\/wp\/v2\/comments?post=1871"}],"version-history":[{"count":2,"href":"https:\/\/memodio-app.com\/en\/wp-json\/wp\/v2\/posts\/1871\/revisions"}],"predecessor-version":[{"id":1877,"href":"https:\/\/memodio-app.com\/en\/wp-json\/wp\/v2\/posts\/1871\/revisions\/1877"}],"wp:featuredmedia":[{"embeddable":true,"href":"https:\/\/memodio-app.com\/en\/wp-json\/wp\/v2\/media\/1876"}],"wp:attachment":[{"href":"https:\/\/memodio-app.com\/en\/wp-json\/wp\/v2\/media?parent=1871"}],"wp:term":[{"taxonomy":"category","embeddable":true,"href":"https:\/\/memodio-app.com\/en\/wp-json\/wp\/v2\/categories?post=1871"},{"taxonomy":"post_tag","embeddable":true,"href":"https:\/\/memodio-app.com\/en\/wp-json\/wp\/v2\/tags?post=1871"}],"curies":[{"name":"wp","href":"https:\/\/api.w.org\/{rel}","templated":true}]}}