{"id":1369,"date":"2025-08-27T21:05:10","date_gmt":"2025-08-27T21:05:10","guid":{"rendered":"https:\/\/memodio-app.com\/?p=1369"},"modified":"2025-10-15T10:07:02","modified_gmt":"2025-10-15T10:07:02","slug":"gibt-es-eine-kinderdemenz","status":"publish","type":"post","link":"https:\/\/memodio-app.com\/en\/blog\/gibt-es-eine-kinderdemenz\/","title":{"rendered":"Gibt es eine Kinderdemenz?"},"content":{"rendered":"<p>Die Vorstellung von Demenz ist oft mit \u00e4lteren Menschen verbunden, die Ged\u00e4chtnisverlust und kognitive Beeintr\u00e4chtigungen erfahren. Aber was ist mit Kindern? Gibt es wirklich so etwas wie Kinderdemenz? In diesem Beitrag unseres Demenz-Ratgebers werden wir uns ausf\u00fchrlich mit diesem Thema befassen und die wichtigsten Aspekte der Kinderdemenz beleuchten.<\/p>\n\n\n\n<h2 class=\"wp-block-heading\">Einf\u00fchrung<\/h2>\n\n\n\n<p>Demenz ist ein Oberbegriff f\u00fcr eine Gruppe von Erkrankungen, die Ged\u00e4chtnisverlust, kognitive Beeintr\u00e4chtigungen und Ver\u00e4nderungen im Verhalten mit sich bringen. Diese Erkrankung ist normalerweise mit \u00e4lteren Menschen verbunden, aber es gibt auch F\u00e4lle von Demenz bei Kindern, die umgangsprachlich oft als \u201eKinderdemenz\u201c bezeichnet werden.<\/p>\n\n\n\n<figure class=\"wp-block-image aligncenter has-custom-border\"><img decoding=\"async\" src=\"https:\/\/memodio-app.com\/wp-content\/uploads\/2025\/08\/2-2-768x433-1.png\" alt=\"\" style=\"border-radius:35px\"\/><figcaption class=\"wp-element-caption\">Die Kinderdemenz ist eine sehr seltene Erkrankung, die in der Regel im Alter zwischen drei bis sechs Jahren erste Anzeichen zeigt.<\/figcaption><\/figure>\n\n\n\n<h2 class=\"wp-block-heading\">Was ist Kinderdemenz<\/h2>\n\n\n\n<p>In den neurologischen Zeroid-Lipofuszinopathien, besser bekannt als Kinderdemenz, sammelt sich ein ungew\u00f6hnlicher wachsartiger Stoff namens Zeroid-Lipofuszin in den Nervenzellen an. Dies geschieht aufgrund eines genetischen Defekts, der es den Nervenzellen unm\u00f6glich macht, diesen Stoff abzubauen, was letztendlich zu ihrem Untergang f\u00fchrt. Besonders betroffen sind die Nervenzellen des Gehirns sowie die Netzhaut der Augen.<\/p>\n\n\n\n<p>Kinderdemenz ist eine erbliche Krankheit. In der Regel sind die Eltern nicht selbst betroffen, tragen jedoch oft das defekte Gen in sich. Wenn beide Elternteile das fehlerhafte Gen weitervererben, erkrankt das Kind. Jedes Kind dieses Elternpaares hat eine Wahrscheinlichkeit von 1 zu 4, betroffen zu sein. Dies bedeutet, dass es sogar mehrere erkrankte Kinder in einer Familie geben kann.<\/p>\n\n\n\n<div class=\"wp-block-group my-infobox is-layout-constrained wp-block-group-is-layout-constrained\">\n<h3 class=\"wp-block-heading\">H\u00e4ufigkeit von Kinder-Demenz<\/h3>\n\n\n\n<p>Kinderdemenz ist \u00e4u\u00dferst selten und betrifft nur eine sehr kleine Anzahl von Kindern weltweit. Laut Sch\u00e4tzungen macht Kinderdemenz weniger als 1% aller Demenzf\u00e4lle aus.<\/p>\n<\/div>\n\n\n\n<h2 class=\"wp-block-heading\">Ursachen und Symptome von Kinderdemenz<\/h2>\n\n\n\n<p>Es gibt \u00fcber zehn verschiedene Formen von Kinderdemenz, die durch Ver\u00e4nderungen an verschiedenen Stellen der Erbanlagen verursacht werden, was jeweils zu unterschiedlichen Symptomen f\u00fchrt. Das Erkrankungsalter und die Symptome variieren je nach Form. Einige Formen manifestieren sich bereits fr\u00fch im S\u00e4uglingsalter, w\u00e4hrend andere erst sp\u00e4ter bei Kleinkindern, Schulkindern, Jugendlichen oder sogar jungen Erwachsenen auftreten. Trotz der Vielfalt der Formen sind die Krankheitszeichen \u00e4hnlich.<\/p>\n\n\n\n<p>Pl\u00f6tzlich treten bei einem bisher altersentsprechend entwickelten Kind unerkl\u00e4rliche Auff\u00e4lligkeiten auf. Es kann beispielsweise Probleme beim Sehen oder Sprechen haben, h\u00e4ufig stolpern oder bereits erlernte F\u00e4higkeiten vergessen. Auch epileptische Anf\u00e4lle k\u00f6nnen ein erstes Warnzeichen sein. Bei allen Varianten der Krankheit verlieren betroffene Kinder nach und nach ihre kognitiven und motorischen F\u00e4higkeiten, w\u00e4hrend ihre Lebenserwartung verk\u00fcrzt ist.<\/p>\n\n\n\n<h2 class=\"wp-block-heading\">Diagnose und Behandlungsm\u00f6glichkeiten von Kinderdemenz<\/h2>\n\n\n\n<p>Die Diagnose von Kinderdemenz erfordert eine gr\u00fcndliche medizinische Untersuchung und m\u00f6glicherweise genetische Tests, um die genaue Ursache der Erkrankung zu identifizieren. Es gibt derzeit keine Heilung f\u00fcr Kinderdemenz, aber symptomatische Therapien k\u00f6nnen die Lebensqualit\u00e4t der betroffenen Kinder verbessern. Die Forschung auf diesem Gebiet ist intensiv, und es gibt Hoffnung auf neue Ans\u00e4tze und Therapien in der Zukunft.<\/p>\n\n\n\n<figure class=\"wp-block-image aligncenter has-custom-border\"><img decoding=\"async\" src=\"https:\/\/memodio-app.com\/wp-content\/uploads\/2025\/08\/1-2-768x433-1.png\" alt=\"\" style=\"border-radius:35px\"\/><figcaption class=\"wp-element-caption\">Die Diagnose Kinderdemenz ist mit einer niedrigeren Lebenserwartung verbunden, die jedoch durch fr\u00fchzeitige Diagnose und Therapie gesteigert werden kann.<\/figcaption><\/figure>\n\n\n\n<h2 class=\"wp-block-heading\">Lebensqualit\u00e4t und Unterst\u00fctzung f\u00fcr betroffene Kinder und Familien<\/h2>\n\n\n\n<p>Fr\u00fchzeitige Intervention und Therapie sind entscheidend, um die Lebensqualit\u00e4t von Kindern mit Kinder-Demenz zu verbessern. Familien sollten sich in Unterst\u00fctzungsnetzwerken engagieren, um Informationen und emotionale Unterst\u00fctzung zu erhalten. Eine ausgezeichnete Anlaufstellen f\u00fcr betroffene Familien ist<a href=\"https:\/\/kinderdemenz-ncl.de\/\"> die Kinderdemenz NCL des Kinder Universit\u00e4tsklinikums Hamburg-Eppendorf<\/a>. Diese Einrichtung ist fast ausschliesslich aus Spenden der<a href=\"https:\/\/fk-kindermitdemenz.de\/\"> Freundeskreis UKE f\u00fcr Kinder mit Demenz e.V.<\/a> und \u00f6ffentlichen Forschungsgeldern (EU, BMBF, DFG) finanziert.<\/p>\n\n\n\n<h2 class=\"wp-block-heading\">Fazit<\/h2>\n\n\n\n<p>Kinder-Demenz ist eine seltene, aber ernsthafte Erkrankung, die das Leben von Kindern und ihren Familien stark beeinflussen kann. Die fr\u00fchzeitige Diagnose und Behandlung sind entscheidend, und die Forschung auf diesem Gebiet bietet Hoffnung f\u00fcr zuk\u00fcnftige Therapien. Es ist wichtig, das Bewusstsein f\u00fcr Kinderdemenz zu st\u00e4rken und betroffene Familien zu unterst\u00fctzen.<\/p>\n\n\n\n<ol class=\"wp-block-list\">\n<li>Quelle: https:\/\/www.bundesaerztekammer.de\/fileadmin\/user_upload\/BAEK\/Patienten\/Patienteninformationen\/ncl-Kinderdemenz_kip.pdf<\/li>\n\n\n\n<li>https:\/\/kinderdemenz-ncl.de<\/li>\n<\/ol>\n\n\n\n<p><\/p>","protected":false},"excerpt":{"rendered":"<p>Wie h\u00e4ufig ist sie?<\/p>","protected":false},"author":2,"featured_media":1371,"comment_status":"open","ping_status":"open","sticky":false,"template":"","format":"standard","meta":{"footnotes":""},"categories":[40],"tags":[],"class_list":["post-1369","post","type-post","status-publish","format-standard","has-post-thumbnail","hentry","category-demenzformen"],"yoast_head":"<!-- This site is optimized with the Yoast SEO plugin v27.2 - https:\/\/yoast.com\/product\/yoast-seo-wordpress\/ -->\n<title>Gibt es eine Kinderdemenz? - memodio<\/title>\n<meta name=\"description\" content=\"In unserem Demenz Ratgeber erforschen wir das Thema NCL oder &quot;Kinderdemenz&quot;, eine seltene, aber existierende Erkrankung, die Kinder betrifft.\" \/>\n<meta name=\"robots\" content=\"index, follow, max-snippet:-1, max-image-preview:large, max-video-preview:-1\" \/>\n<link rel=\"canonical\" href=\"https:\/\/lime-camel-596070.hostingersite.com\/blog\/gibt-es-eine-kinderdemenz\/\" \/>\n<meta property=\"og:locale\" content=\"en_US\" \/>\n<meta property=\"og:type\" content=\"article\" \/>\n<meta property=\"og:title\" content=\"Gibt es eine Kinderdemenz? - memodio\" \/>\n<meta property=\"og:description\" content=\"In unserem Demenz Ratgeber erforschen wir das Thema NCL oder &quot;Kinderdemenz&quot;, eine seltene, aber existierende Erkrankung, die Kinder betrifft.\" \/>\n<meta property=\"og:url\" content=\"https:\/\/lime-camel-596070.hostingersite.com\/blog\/gibt-es-eine-kinderdemenz\/\" \/>\n<meta property=\"og:site_name\" content=\"memodio\" \/>\n<meta property=\"article:published_time\" content=\"2025-08-27T21:05:10+00:00\" \/>\n<meta property=\"article:modified_time\" content=\"2025-10-15T10:07:02+00:00\" \/>\n<meta property=\"og:image\" content=\"https:\/\/lime-camel-596070.hostingersite.com\/wp-content\/uploads\/2025\/08\/3-1.png\" \/>\n\t<meta property=\"og:image:width\" content=\"1640\" \/>\n\t<meta property=\"og:image:height\" content=\"924\" \/>\n\t<meta property=\"og:image:type\" content=\"image\/png\" \/>\n<meta name=\"author\" content=\"parsa.eissazadeh@memodio-app.com\" \/>\n<meta name=\"twitter:card\" content=\"summary_large_image\" \/>\n<meta name=\"twitter:label1\" content=\"Written by\" \/>\n\t<meta name=\"twitter:data1\" content=\"parsa.eissazadeh@memodio-app.com\" \/>\n\t<meta name=\"twitter:label2\" content=\"Est. reading time\" \/>\n\t<meta name=\"twitter:data2\" content=\"4 minutes\" \/>\n<script type=\"application\/ld+json\" class=\"yoast-schema-graph\">{\"@context\":\"https:\/\/schema.org\",\"@graph\":[{\"@type\":\"Article\",\"@id\":\"https:\/\/lime-camel-596070.hostingersite.com\/blog\/gibt-es-eine-kinderdemenz\/#article\",\"isPartOf\":{\"@id\":\"https:\/\/lime-camel-596070.hostingersite.com\/blog\/gibt-es-eine-kinderdemenz\/\"},\"author\":{\"name\":\"parsa.eissazadeh@memodio-app.com\",\"@id\":\"https:\/\/lime-camel-596070.hostingersite.com\/#\/schema\/person\/290c847af17774905b29041f4c03961b\"},\"headline\":\"Gibt es eine Kinderdemenz?\",\"datePublished\":\"2025-08-27T21:05:10+00:00\",\"dateModified\":\"2025-10-15T10:07:02+00:00\",\"mainEntityOfPage\":{\"@id\":\"https:\/\/lime-camel-596070.hostingersite.com\/blog\/gibt-es-eine-kinderdemenz\/\"},\"wordCount\":659,\"commentCount\":0,\"publisher\":{\"@id\":\"https:\/\/lime-camel-596070.hostingersite.com\/#organization\"},\"image\":{\"@id\":\"https:\/\/lime-camel-596070.hostingersite.com\/blog\/gibt-es-eine-kinderdemenz\/#primaryimage\"},\"thumbnailUrl\":\"https:\/\/memodio-app.com\/wp-content\/uploads\/2025\/08\/3-1.png\",\"articleSection\":[\"Demenzformen\"],\"inLanguage\":\"en-US\",\"potentialAction\":[{\"@type\":\"CommentAction\",\"name\":\"Comment\",\"target\":[\"https:\/\/lime-camel-596070.hostingersite.com\/blog\/gibt-es-eine-kinderdemenz\/#respond\"]}]},{\"@type\":\"WebPage\",\"@id\":\"https:\/\/lime-camel-596070.hostingersite.com\/blog\/gibt-es-eine-kinderdemenz\/\",\"url\":\"https:\/\/lime-camel-596070.hostingersite.com\/blog\/gibt-es-eine-kinderdemenz\/\",\"name\":\"Gibt es eine Kinderdemenz? - memodio\",\"isPartOf\":{\"@id\":\"https:\/\/lime-camel-596070.hostingersite.com\/#website\"},\"primaryImageOfPage\":{\"@id\":\"https:\/\/lime-camel-596070.hostingersite.com\/blog\/gibt-es-eine-kinderdemenz\/#primaryimage\"},\"image\":{\"@id\":\"https:\/\/lime-camel-596070.hostingersite.com\/blog\/gibt-es-eine-kinderdemenz\/#primaryimage\"},\"thumbnailUrl\":\"https:\/\/memodio-app.com\/wp-content\/uploads\/2025\/08\/3-1.png\",\"datePublished\":\"2025-08-27T21:05:10+00:00\",\"dateModified\":\"2025-10-15T10:07:02+00:00\",\"description\":\"In unserem Demenz Ratgeber erforschen wir das Thema NCL oder \\\"Kinderdemenz\\\", eine seltene, aber existierende Erkrankung, die Kinder betrifft.\",\"breadcrumb\":{\"@id\":\"https:\/\/lime-camel-596070.hostingersite.com\/blog\/gibt-es-eine-kinderdemenz\/#breadcrumb\"},\"inLanguage\":\"en-US\",\"potentialAction\":[{\"@type\":\"ReadAction\",\"target\":[\"https:\/\/lime-camel-596070.hostingersite.com\/blog\/gibt-es-eine-kinderdemenz\/\"]}]},{\"@type\":\"ImageObject\",\"inLanguage\":\"en-US\",\"@id\":\"https:\/\/lime-camel-596070.hostingersite.com\/blog\/gibt-es-eine-kinderdemenz\/#primaryimage\",\"url\":\"https:\/\/memodio-app.com\/wp-content\/uploads\/2025\/08\/3-1.png\",\"contentUrl\":\"https:\/\/memodio-app.com\/wp-content\/uploads\/2025\/08\/3-1.png\",\"width\":1640,\"height\":924},{\"@type\":\"BreadcrumbList\",\"@id\":\"https:\/\/lime-camel-596070.hostingersite.com\/blog\/gibt-es-eine-kinderdemenz\/#breadcrumb\",\"itemListElement\":[{\"@type\":\"ListItem\",\"position\":1,\"name\":\"Home\",\"item\":\"https:\/\/memodio-app.com\/\"},{\"@type\":\"ListItem\",\"position\":2,\"name\":\"Gibt es eine Kinderdemenz?\"}]},{\"@type\":\"WebSite\",\"@id\":\"https:\/\/lime-camel-596070.hostingersite.com\/#website\",\"url\":\"https:\/\/lime-camel-596070.hostingersite.com\/\",\"name\":\"memodio\",\"description\":\"\",\"publisher\":{\"@id\":\"https:\/\/lime-camel-596070.hostingersite.com\/#organization\"},\"potentialAction\":[{\"@type\":\"SearchAction\",\"target\":{\"@type\":\"EntryPoint\",\"urlTemplate\":\"https:\/\/lime-camel-596070.hostingersite.com\/?s={search_term_string}\"},\"query-input\":{\"@type\":\"PropertyValueSpecification\",\"valueRequired\":true,\"valueName\":\"search_term_string\"}}],\"inLanguage\":\"en-US\"},{\"@type\":\"Organization\",\"@id\":\"https:\/\/lime-camel-596070.hostingersite.com\/#organization\",\"name\":\"memodio GmbH\",\"url\":\"https:\/\/lime-camel-596070.hostingersite.com\/\",\"logo\":{\"@type\":\"ImageObject\",\"inLanguage\":\"en-US\",\"@id\":\"https:\/\/lime-camel-596070.hostingersite.com\/#\/schema\/logo\/image\/\",\"url\":\"https:\/\/memodio-app.com\/wp-content\/uploads\/2025\/08\/logo_text_black.svg\",\"contentUrl\":\"https:\/\/memodio-app.com\/wp-content\/uploads\/2025\/08\/logo_text_black.svg\",\"width\":311,\"height\":64,\"caption\":\"memodio GmbH\"},\"image\":{\"@id\":\"https:\/\/lime-camel-596070.hostingersite.com\/#\/schema\/logo\/image\/\"}},{\"@type\":\"Person\",\"@id\":\"https:\/\/lime-camel-596070.hostingersite.com\/#\/schema\/person\/290c847af17774905b29041f4c03961b\",\"name\":\"parsa.eissazadeh@memodio-app.com\",\"image\":{\"@type\":\"ImageObject\",\"inLanguage\":\"en-US\",\"@id\":\"https:\/\/memodio-app.com\/wp-content\/litespeed\/avatar\/c604c8752ef152ed6affd29ec441879c.jpg?ver=1776889433\",\"url\":\"https:\/\/memodio-app.com\/wp-content\/litespeed\/avatar\/c604c8752ef152ed6affd29ec441879c.jpg?ver=1776889433\",\"contentUrl\":\"https:\/\/memodio-app.com\/wp-content\/litespeed\/avatar\/c604c8752ef152ed6affd29ec441879c.jpg?ver=1776889433\",\"caption\":\"parsa.eissazadeh@memodio-app.com\"},\"url\":\"https:\/\/memodio-app.com\/en\/blog\/author\/parsa-eissazadehmemodio-app-com\/\"}]}<\/script>\n<!-- \/ Yoast SEO plugin. -->","yoast_head_json":{"title":"Gibt es eine Kinderdemenz? - memodio","description":"In unserem Demenz Ratgeber erforschen wir das Thema NCL oder \"Kinderdemenz\", eine seltene, aber existierende Erkrankung, die Kinder betrifft.","robots":{"index":"index","follow":"follow","max-snippet":"max-snippet:-1","max-image-preview":"max-image-preview:large","max-video-preview":"max-video-preview:-1"},"canonical":"https:\/\/lime-camel-596070.hostingersite.com\/blog\/gibt-es-eine-kinderdemenz\/","og_locale":"en_US","og_type":"article","og_title":"Gibt es eine Kinderdemenz? - memodio","og_description":"In unserem Demenz Ratgeber erforschen wir das Thema NCL oder \"Kinderdemenz\", eine seltene, aber existierende Erkrankung, die Kinder betrifft.","og_url":"https:\/\/lime-camel-596070.hostingersite.com\/blog\/gibt-es-eine-kinderdemenz\/","og_site_name":"memodio","article_published_time":"2025-08-27T21:05:10+00:00","article_modified_time":"2025-10-15T10:07:02+00:00","og_image":[{"width":1640,"height":924,"url":"https:\/\/lime-camel-596070.hostingersite.com\/wp-content\/uploads\/2025\/08\/3-1.png","type":"image\/png"}],"author":"parsa.eissazadeh@memodio-app.com","twitter_card":"summary_large_image","twitter_misc":{"Written by":"parsa.eissazadeh@memodio-app.com","Est. reading time":"4 minutes"},"schema":{"@context":"https:\/\/schema.org","@graph":[{"@type":"Article","@id":"https:\/\/lime-camel-596070.hostingersite.com\/blog\/gibt-es-eine-kinderdemenz\/#article","isPartOf":{"@id":"https:\/\/lime-camel-596070.hostingersite.com\/blog\/gibt-es-eine-kinderdemenz\/"},"author":{"name":"parsa.eissazadeh@memodio-app.com","@id":"https:\/\/lime-camel-596070.hostingersite.com\/#\/schema\/person\/290c847af17774905b29041f4c03961b"},"headline":"Gibt es eine Kinderdemenz?","datePublished":"2025-08-27T21:05:10+00:00","dateModified":"2025-10-15T10:07:02+00:00","mainEntityOfPage":{"@id":"https:\/\/lime-camel-596070.hostingersite.com\/blog\/gibt-es-eine-kinderdemenz\/"},"wordCount":659,"commentCount":0,"publisher":{"@id":"https:\/\/lime-camel-596070.hostingersite.com\/#organization"},"image":{"@id":"https:\/\/lime-camel-596070.hostingersite.com\/blog\/gibt-es-eine-kinderdemenz\/#primaryimage"},"thumbnailUrl":"https:\/\/memodio-app.com\/wp-content\/uploads\/2025\/08\/3-1.png","articleSection":["Demenzformen"],"inLanguage":"en-US","potentialAction":[{"@type":"CommentAction","name":"Comment","target":["https:\/\/lime-camel-596070.hostingersite.com\/blog\/gibt-es-eine-kinderdemenz\/#respond"]}]},{"@type":"WebPage","@id":"https:\/\/lime-camel-596070.hostingersite.com\/blog\/gibt-es-eine-kinderdemenz\/","url":"https:\/\/lime-camel-596070.hostingersite.com\/blog\/gibt-es-eine-kinderdemenz\/","name":"Gibt es eine Kinderdemenz? - memodio","isPartOf":{"@id":"https:\/\/lime-camel-596070.hostingersite.com\/#website"},"primaryImageOfPage":{"@id":"https:\/\/lime-camel-596070.hostingersite.com\/blog\/gibt-es-eine-kinderdemenz\/#primaryimage"},"image":{"@id":"https:\/\/lime-camel-596070.hostingersite.com\/blog\/gibt-es-eine-kinderdemenz\/#primaryimage"},"thumbnailUrl":"https:\/\/memodio-app.com\/wp-content\/uploads\/2025\/08\/3-1.png","datePublished":"2025-08-27T21:05:10+00:00","dateModified":"2025-10-15T10:07:02+00:00","description":"In unserem Demenz Ratgeber erforschen wir das Thema NCL oder \"Kinderdemenz\", eine seltene, aber existierende Erkrankung, die Kinder betrifft.","breadcrumb":{"@id":"https:\/\/lime-camel-596070.hostingersite.com\/blog\/gibt-es-eine-kinderdemenz\/#breadcrumb"},"inLanguage":"en-US","potentialAction":[{"@type":"ReadAction","target":["https:\/\/lime-camel-596070.hostingersite.com\/blog\/gibt-es-eine-kinderdemenz\/"]}]},{"@type":"ImageObject","inLanguage":"en-US","@id":"https:\/\/lime-camel-596070.hostingersite.com\/blog\/gibt-es-eine-kinderdemenz\/#primaryimage","url":"https:\/\/memodio-app.com\/wp-content\/uploads\/2025\/08\/3-1.png","contentUrl":"https:\/\/memodio-app.com\/wp-content\/uploads\/2025\/08\/3-1.png","width":1640,"height":924},{"@type":"BreadcrumbList","@id":"https:\/\/lime-camel-596070.hostingersite.com\/blog\/gibt-es-eine-kinderdemenz\/#breadcrumb","itemListElement":[{"@type":"ListItem","position":1,"name":"Home","item":"https:\/\/memodio-app.com\/"},{"@type":"ListItem","position":2,"name":"Gibt es eine Kinderdemenz?"}]},{"@type":"WebSite","@id":"https:\/\/lime-camel-596070.hostingersite.com\/#website","url":"https:\/\/lime-camel-596070.hostingersite.com\/","name":"memodio","description":"","publisher":{"@id":"https:\/\/lime-camel-596070.hostingersite.com\/#organization"},"potentialAction":[{"@type":"SearchAction","target":{"@type":"EntryPoint","urlTemplate":"https:\/\/lime-camel-596070.hostingersite.com\/?s={search_term_string}"},"query-input":{"@type":"PropertyValueSpecification","valueRequired":true,"valueName":"search_term_string"}}],"inLanguage":"en-US"},{"@type":"Organization","@id":"https:\/\/lime-camel-596070.hostingersite.com\/#organization","name":"memodio GmbH","url":"https:\/\/lime-camel-596070.hostingersite.com\/","logo":{"@type":"ImageObject","inLanguage":"en-US","@id":"https:\/\/lime-camel-596070.hostingersite.com\/#\/schema\/logo\/image\/","url":"https:\/\/memodio-app.com\/wp-content\/uploads\/2025\/08\/logo_text_black.svg","contentUrl":"https:\/\/memodio-app.com\/wp-content\/uploads\/2025\/08\/logo_text_black.svg","width":311,"height":64,"caption":"memodio GmbH"},"image":{"@id":"https:\/\/lime-camel-596070.hostingersite.com\/#\/schema\/logo\/image\/"}},{"@type":"Person","@id":"https:\/\/lime-camel-596070.hostingersite.com\/#\/schema\/person\/290c847af17774905b29041f4c03961b","name":"parsa.eissazadeh@memodio-app.com","image":{"@type":"ImageObject","inLanguage":"en-US","@id":"https:\/\/memodio-app.com\/wp-content\/litespeed\/avatar\/c604c8752ef152ed6affd29ec441879c.jpg?ver=1776889433","url":"https:\/\/memodio-app.com\/wp-content\/litespeed\/avatar\/c604c8752ef152ed6affd29ec441879c.jpg?ver=1776889433","contentUrl":"https:\/\/memodio-app.com\/wp-content\/litespeed\/avatar\/c604c8752ef152ed6affd29ec441879c.jpg?ver=1776889433","caption":"parsa.eissazadeh@memodio-app.com"},"url":"https:\/\/memodio-app.com\/en\/blog\/author\/parsa-eissazadehmemodio-app-com\/"}]}},"_links":{"self":[{"href":"https:\/\/memodio-app.com\/en\/wp-json\/wp\/v2\/posts\/1369","targetHints":{"allow":["GET"]}}],"collection":[{"href":"https:\/\/memodio-app.com\/en\/wp-json\/wp\/v2\/posts"}],"about":[{"href":"https:\/\/memodio-app.com\/en\/wp-json\/wp\/v2\/types\/post"}],"author":[{"embeddable":true,"href":"https:\/\/memodio-app.com\/en\/wp-json\/wp\/v2\/users\/2"}],"replies":[{"embeddable":true,"href":"https:\/\/memodio-app.com\/en\/wp-json\/wp\/v2\/comments?post=1369"}],"version-history":[{"count":21,"href":"https:\/\/memodio-app.com\/en\/wp-json\/wp\/v2\/posts\/1369\/revisions"}],"predecessor-version":[{"id":1814,"href":"https:\/\/memodio-app.com\/en\/wp-json\/wp\/v2\/posts\/1369\/revisions\/1814"}],"wp:featuredmedia":[{"embeddable":true,"href":"https:\/\/memodio-app.com\/en\/wp-json\/wp\/v2\/media\/1371"}],"wp:attachment":[{"href":"https:\/\/memodio-app.com\/en\/wp-json\/wp\/v2\/media?parent=1369"}],"wp:term":[{"taxonomy":"category","embeddable":true,"href":"https:\/\/memodio-app.com\/en\/wp-json\/wp\/v2\/categories?post=1369"},{"taxonomy":"post_tag","embeddable":true,"href":"https:\/\/memodio-app.com\/en\/wp-json\/wp\/v2\/tags?post=1369"}],"curies":[{"name":"wp","href":"https:\/\/api.w.org\/{rel}","templated":true}]}}