{"id":1347,"date":"2025-08-27T11:59:42","date_gmt":"2025-08-27T11:59:42","guid":{"rendered":"https:\/\/memodio-app.com\/?p=1347"},"modified":"2025-10-15T10:08:12","modified_gmt":"2025-10-15T10:08:12","slug":"progression-von-demenz","status":"publish","type":"post","link":"https:\/\/memodio-app.com\/en\/blog\/progression-von-demenz\/","title":{"rendered":"Progression von Demenz"},"content":{"rendered":"<p>Die Alzheimer-Krankheit und andere Formen der Demenz sind gef\u00fcrchtete Erkrankungen, die das Ged\u00e4chtnis und die kognitiven F\u00e4higkeiten von Menschen beeinflussen. Eine der h\u00e4ufigsten Fragen, die von Angeh\u00f6rigen und Betroffenen gestellt wird, lautet: Wie schnell schreitet Demenz voran? In diesem Artikel werden wir die Progression von Demenz n\u00e4her beleuchten und herausfinden, ob es wirklich Momente gibt, in denen die Verschlechterung besonders schnell zu erfolgen scheint.<\/p>\n\n\n\n<h2 class=\"wp-block-heading\">Einf\u00fchrung<\/h2>\n\n\n\n<p>Demenz ist eine Sammelbezeichnung f\u00fcr neurodegenerative Erkrankungen, die sich durch einen schleichenden Verlust von kognitiven F\u00e4higkeiten auszeichnen. Hierzu geh\u00f6ren Ged\u00e4chtnisprobleme, Sprachschwierigkeiten, Orientierungslosigkeit und Ver\u00e4nderungen im Verhalten und der Pers\u00f6nlichkeit. Die h\u00e4ufigste Form der Demenz ist die Alzheimer-Krankheit, aber es gibt auch andere Arten wie die <a href=\"https:\/\/memodio-app.com\/en\/blog\/vaskulaere-demenz-die-zweithaeufigste-demenz\/\">vaskul\u00e4re Demenz<\/a>, <a href=\"https:\/\/memodio-app.com\/en\/blog\/die-frontotemporale-demenz-m-pick\/\">frontotemporale Demenz<\/a> und <a href=\"https:\/\/memodio-app.com\/en\/blog\/was-ist-die-lewy-koerperchen-demenz\/\">Lewy-K\u00f6rperchen-Demenz<\/a>. Jede Form der Demenz hat ihre eigenen charakteristischen Merkmale und Fortschreitungsprofile. Das bedeutet, dass die Progression von Demenz je nach der Art der Erkrankung variieren kann.<\/p>\n\n\n\n<p>Besonders zu erw\u00e4hnen sind hierbei genetische Varianten, die zu einer sehr schnellen Progression f\u00fchren k\u00f6nnen, oft bereits in einem deutlich j\u00fcngeren Alter beginnen und intensivere medizinische \u00dcberwachung erfordern.<\/p>\n\n\n\n<figure class=\"wp-block-image aligncenter has-custom-border\" style=\"margin-right:0;margin-left:0\"><img decoding=\"async\" src=\"https:\/\/memodio-app.com\/wp-content\/uploads\/2025\/08\/2-3-768x433-1.png\" alt=\"\" style=\"border-radius:35px\"\/><figcaption class=\"wp-element-caption\">Mit den richtigen Therapie-Mitteln sollte das Fortschreiten von Demenz gemindert werden.<\/figcaption><\/figure>\n\n\n\n<h2 class=\"wp-block-heading\">Die typische Progression von Demenz<\/h2>\n\n\n\n<p>In den meisten F\u00e4llen verl\u00e4uft die Demenz langsam und schrittweise. Die ersten Anzeichen sind oft subtil und werden leicht \u00fcbersehen. Im Laufe der Zeit nehmen die Symptome jedoch zu und beeintr\u00e4chtigen die Lebensqualit\u00e4t der Betroffenen erheblich. Dieser allm\u00e4hliche Verlauf wird oft als \u201etypische Progression\u201c bezeichnet.<\/p>\n\n\n\n<h2 class=\"wp-block-heading\">Schnelle Verschlechterung bei Demenz?<\/h2>\n\n\n\n<p>Ist eine schnelle Verschlechterung bei Demenz ein Mythos oder Realit\u00e4t? Eher ersteres. Ein pl\u00f6tzlicher R\u00fcckgang der kognitiven F\u00e4higkeiten kann durch verschiedene Faktoren verursacht werden, wie beispielsweise akute Erkrankungen oder Medikamentenwechsel, aber dies ist in der Regel nicht typisch f\u00fcr den Verlauf von Demenz und bei gut abgestimmter Therapie eher selten.<\/p>\n\n\n\n<p>Allerdings gibt es bestimmte Varianten der Alzheimer-Erkrankung, auch Early-Onset-Alzheimer genannt. Diese Form ist eine seltene Form der Alzheimer-Krankheit, die Personen typischerweise vor dem 65. Lebensjahr betrifft, manchmal sogar schon in den Vierzigern oder F\u00fcnfzigern. Diese Form macht etwa 5 bis 10 Prozent aller Alzheimer-F\u00e4lle aus und wird oft durch genetische Faktoren verursacht. Betroffene mit Early-Onset-Alzheimer erleben \u00e4hnliche Symptome wie bei der typischen Alzheimer-Krankheit, darunter Ged\u00e4chtnisverlust, Verwirrung, Schwierigkeiten bei der Probleml\u00f6sung und Ver\u00e4nderungen in Pers\u00f6nlichkeit und Verhalten. Der Verlauf kann jedoch schneller und aggressiver sein, was die Diagnose besonders erschwerend macht. Fr\u00fchzeitige Erkennung und Intervention sind entscheidend, um den Fortschritt der Krankheit zu verlangsamen und die Lebensqualit\u00e4t der Betroffenen so lange wie m\u00f6glich zu erhalten. Bei Verdacht auf Early-Onset-Alzheimer ist es wichtig, spezialisierte medizinische Hilfe in Anspruch zu nehmen, um eine genaue Diagnose und den Beginn einer angepassten Behandlung zu erm\u00f6glichen.<\/p>\n\n\n\n<div class=\"wp-block-group my-infobox is-layout-constrained wp-block-group-is-layout-constrained\">\n<h3 class=\"wp-block-heading\">Progression von Demenz:<\/h3>\n\n\n\n<p>Ist in der Regel langsam und schrittweise, wobei eine schnelle Verschlechterung selten ist und in jedem Fall weitere \u00e4rztliche Abkl\u00e4rung erfordert.<\/p>\n<\/div>\n\n\n\n<h2 class=\"wp-block-heading\">Faktoren, die die Progression beeinflussen k\u00f6nnen<\/h2>\n\n\n\n<p>Es gibt jedoch Faktoren, die die Progression der Demenz beeinflussen k\u00f6nnen. Dazu geh\u00f6ren die individuelle Unterschiede, das Vorliegen von Begleiterkrankungen und der Umgang mit der Erkrankung durch die betreuenden Personen. Es ist wichtig zu betonen, dass Demenzpatienten und ihre Angeh\u00f6rigen Unterst\u00fctzung und Pflege ben\u00f6tigen, um die bestm\u00f6gliche Lebensqualit\u00e4t zu gew\u00e4hrleisten. Hierzu gibt es verschiedene Anlaufstellen, die wir bereits in einem anderen <a href=\"https:\/\/memodio-app.com\/en\/blog\/die-wichtigsten-ansprechpartner-bei-demenz\/\">Ratgeber-Beitrag<\/a> beleuchtet haben.<\/p>\n\n\n\n<figure class=\"wp-block-image aligncenter has-custom-border\"><img decoding=\"async\" src=\"https:\/\/memodio-app.com\/wp-content\/uploads\/2025\/08\/1-3-768x433-1.png\" alt=\"\" style=\"border-radius:35px\"\/><figcaption class=\"wp-element-caption\">Klassischerweise erfolgt die progressive Verschlechterung von Demenzanzeichen schrittweise und nicht pl\u00f6tzlich.<\/figcaption><\/figure>\n\n\n\n<h2 class=\"wp-block-heading\">Umgang mit einer schnellen Verschlechterung<\/h2>\n\n\n\n<p>Wenn es Anzeichen f\u00fcr eine pl\u00f6tzliche Verschlechterung gibt, sollte dies umgehend von einem Arzt untersucht werden. In einigen F\u00e4llen k\u00f6nnen reversible Ursachen, wie Infektionen oder Medikamenteninteraktionen, behandelt werden. Eine gute Kommunikation mit dem betreuenden medizinischen Team ist entscheidend, um die bestm\u00f6gliche Versorgung sicherzustellen.<\/p>\n\n\n\n<h2 class=\"wp-block-heading\">Fazit<\/h2>\n\n\n\n<p>Die Progression von Demenz ist in der Regel langsam und schrittweise. Eine schnelle Verschlechterung ist eher ungew\u00f6hnlich und sollte von Fachleuten untersucht werden. Es gibt allerdings Ausnahmen und besonders progressive Formen der Alzheimer-Erkrankung. Die Unterst\u00fctzung von Demenzpatienten und ihren Angeh\u00f6rigen ist von gro\u00dfer Bedeutung, um eine bestm\u00f6gliche Lebensqualit\u00e4t zu gew\u00e4hrleisten. Es ist wichtig, realistische Erwartungen zu haben und sich auf die Herausforderungen vorzubereiten, die die Pflege eines Menschen mit Demenz mit sich bringen kann.<\/p>\n\n\n\n<p><\/p>","protected":false},"excerpt":{"rendered":"<p>Gibt es eine schnelle Verschlechterung?<\/p>","protected":false},"author":2,"featured_media":1349,"comment_status":"open","ping_status":"open","sticky":false,"template":"","format":"standard","meta":{"footnotes":""},"categories":[42],"tags":[],"class_list":["post-1347","post","type-post","status-publish","format-standard","has-post-thumbnail","hentry","category-demenz-was-tun"],"yoast_head":"<!-- This site is optimized with the Yoast SEO plugin v27.2 - https:\/\/yoast.com\/product\/yoast-seo-wordpress\/ -->\n<title>Progression von Demenz - memodio<\/title>\n<meta name=\"description\" content=\"Erfahren Sie in unserem Demenz Ratgeber alles \u00fcber die Progression von Demenz. Existiert eine schnelle pl\u00f6tzliche Verschlechterung?\" \/>\n<meta name=\"robots\" content=\"index, follow, max-snippet:-1, max-image-preview:large, max-video-preview:-1\" \/>\n<link rel=\"canonical\" href=\"https:\/\/lime-camel-596070.hostingersite.com\/blog\/progression-von-demenz\/\" \/>\n<meta property=\"og:locale\" content=\"en_US\" \/>\n<meta property=\"og:type\" content=\"article\" \/>\n<meta property=\"og:title\" content=\"Progression von Demenz - memodio\" \/>\n<meta property=\"og:description\" content=\"Erfahren Sie in unserem Demenz Ratgeber alles \u00fcber die Progression von Demenz. Existiert eine schnelle pl\u00f6tzliche Verschlechterung?\" \/>\n<meta property=\"og:url\" content=\"https:\/\/lime-camel-596070.hostingersite.com\/blog\/progression-von-demenz\/\" \/>\n<meta property=\"og:site_name\" content=\"memodio\" \/>\n<meta property=\"article:published_time\" content=\"2025-08-27T11:59:42+00:00\" \/>\n<meta property=\"article:modified_time\" content=\"2025-10-15T10:08:12+00:00\" \/>\n<meta property=\"og:image\" content=\"https:\/\/lime-camel-596070.hostingersite.com\/wp-content\/uploads\/2025\/08\/3-2-1024x577.png\" \/>\n\t<meta property=\"og:image:width\" content=\"1024\" \/>\n\t<meta property=\"og:image:height\" content=\"577\" \/>\n\t<meta property=\"og:image:type\" content=\"image\/png\" \/>\n<meta name=\"author\" content=\"parsa.eissazadeh@memodio-app.com\" \/>\n<meta name=\"twitter:card\" content=\"summary_large_image\" \/>\n<meta name=\"twitter:label1\" content=\"Written by\" \/>\n\t<meta name=\"twitter:data1\" content=\"parsa.eissazadeh@memodio-app.com\" \/>\n\t<meta name=\"twitter:label2\" content=\"Est. reading time\" \/>\n\t<meta name=\"twitter:data2\" content=\"4 minutes\" \/>\n<script type=\"application\/ld+json\" class=\"yoast-schema-graph\">{\"@context\":\"https:\/\/schema.org\",\"@graph\":[{\"@type\":\"Article\",\"@id\":\"https:\/\/lime-camel-596070.hostingersite.com\/blog\/progression-von-demenz\/#article\",\"isPartOf\":{\"@id\":\"https:\/\/lime-camel-596070.hostingersite.com\/blog\/progression-von-demenz\/\"},\"author\":{\"name\":\"parsa.eissazadeh@memodio-app.com\",\"@id\":\"https:\/\/lime-camel-596070.hostingersite.com\/#\/schema\/person\/290c847af17774905b29041f4c03961b\"},\"headline\":\"Progression von Demenz\",\"datePublished\":\"2025-08-27T11:59:42+00:00\",\"dateModified\":\"2025-10-15T10:08:12+00:00\",\"mainEntityOfPage\":{\"@id\":\"https:\/\/lime-camel-596070.hostingersite.com\/blog\/progression-von-demenz\/\"},\"wordCount\":716,\"commentCount\":0,\"publisher\":{\"@id\":\"https:\/\/lime-camel-596070.hostingersite.com\/#organization\"},\"image\":{\"@id\":\"https:\/\/lime-camel-596070.hostingersite.com\/blog\/progression-von-demenz\/#primaryimage\"},\"thumbnailUrl\":\"https:\/\/memodio-app.com\/wp-content\/uploads\/2025\/08\/3-2.png\",\"articleSection\":[\"Demenz \u2013 was tun?\"],\"inLanguage\":\"en-US\",\"potentialAction\":[{\"@type\":\"CommentAction\",\"name\":\"Comment\",\"target\":[\"https:\/\/lime-camel-596070.hostingersite.com\/blog\/progression-von-demenz\/#respond\"]}]},{\"@type\":\"WebPage\",\"@id\":\"https:\/\/lime-camel-596070.hostingersite.com\/blog\/progression-von-demenz\/\",\"url\":\"https:\/\/lime-camel-596070.hostingersite.com\/blog\/progression-von-demenz\/\",\"name\":\"Progression von Demenz - memodio\",\"isPartOf\":{\"@id\":\"https:\/\/lime-camel-596070.hostingersite.com\/#website\"},\"primaryImageOfPage\":{\"@id\":\"https:\/\/lime-camel-596070.hostingersite.com\/blog\/progression-von-demenz\/#primaryimage\"},\"image\":{\"@id\":\"https:\/\/lime-camel-596070.hostingersite.com\/blog\/progression-von-demenz\/#primaryimage\"},\"thumbnailUrl\":\"https:\/\/memodio-app.com\/wp-content\/uploads\/2025\/08\/3-2.png\",\"datePublished\":\"2025-08-27T11:59:42+00:00\",\"dateModified\":\"2025-10-15T10:08:12+00:00\",\"description\":\"Erfahren Sie in unserem Demenz Ratgeber alles \u00fcber die Progression von Demenz. Existiert eine schnelle pl\u00f6tzliche Verschlechterung?\",\"breadcrumb\":{\"@id\":\"https:\/\/lime-camel-596070.hostingersite.com\/blog\/progression-von-demenz\/#breadcrumb\"},\"inLanguage\":\"en-US\",\"potentialAction\":[{\"@type\":\"ReadAction\",\"target\":[\"https:\/\/lime-camel-596070.hostingersite.com\/blog\/progression-von-demenz\/\"]}]},{\"@type\":\"ImageObject\",\"inLanguage\":\"en-US\",\"@id\":\"https:\/\/lime-camel-596070.hostingersite.com\/blog\/progression-von-demenz\/#primaryimage\",\"url\":\"https:\/\/memodio-app.com\/wp-content\/uploads\/2025\/08\/3-2.png\",\"contentUrl\":\"https:\/\/memodio-app.com\/wp-content\/uploads\/2025\/08\/3-2.png\",\"width\":1640,\"height\":924},{\"@type\":\"BreadcrumbList\",\"@id\":\"https:\/\/lime-camel-596070.hostingersite.com\/blog\/progression-von-demenz\/#breadcrumb\",\"itemListElement\":[{\"@type\":\"ListItem\",\"position\":1,\"name\":\"Home\",\"item\":\"https:\/\/memodio-app.com\/\"},{\"@type\":\"ListItem\",\"position\":2,\"name\":\"Progression von Demenz\"}]},{\"@type\":\"WebSite\",\"@id\":\"https:\/\/lime-camel-596070.hostingersite.com\/#website\",\"url\":\"https:\/\/lime-camel-596070.hostingersite.com\/\",\"name\":\"memodio\",\"description\":\"\",\"publisher\":{\"@id\":\"https:\/\/lime-camel-596070.hostingersite.com\/#organization\"},\"potentialAction\":[{\"@type\":\"SearchAction\",\"target\":{\"@type\":\"EntryPoint\",\"urlTemplate\":\"https:\/\/lime-camel-596070.hostingersite.com\/?s={search_term_string}\"},\"query-input\":{\"@type\":\"PropertyValueSpecification\",\"valueRequired\":true,\"valueName\":\"search_term_string\"}}],\"inLanguage\":\"en-US\"},{\"@type\":\"Organization\",\"@id\":\"https:\/\/lime-camel-596070.hostingersite.com\/#organization\",\"name\":\"memodio GmbH\",\"url\":\"https:\/\/lime-camel-596070.hostingersite.com\/\",\"logo\":{\"@type\":\"ImageObject\",\"inLanguage\":\"en-US\",\"@id\":\"https:\/\/lime-camel-596070.hostingersite.com\/#\/schema\/logo\/image\/\",\"url\":\"https:\/\/memodio-app.com\/wp-content\/uploads\/2025\/08\/logo_text_black.svg\",\"contentUrl\":\"https:\/\/memodio-app.com\/wp-content\/uploads\/2025\/08\/logo_text_black.svg\",\"width\":311,\"height\":64,\"caption\":\"memodio GmbH\"},\"image\":{\"@id\":\"https:\/\/lime-camel-596070.hostingersite.com\/#\/schema\/logo\/image\/\"}},{\"@type\":\"Person\",\"@id\":\"https:\/\/lime-camel-596070.hostingersite.com\/#\/schema\/person\/290c847af17774905b29041f4c03961b\",\"name\":\"parsa.eissazadeh@memodio-app.com\",\"image\":{\"@type\":\"ImageObject\",\"inLanguage\":\"en-US\",\"@id\":\"https:\/\/memodio-app.com\/wp-content\/litespeed\/avatar\/c604c8752ef152ed6affd29ec441879c.jpg?ver=1776889433\",\"url\":\"https:\/\/memodio-app.com\/wp-content\/litespeed\/avatar\/c604c8752ef152ed6affd29ec441879c.jpg?ver=1776889433\",\"contentUrl\":\"https:\/\/memodio-app.com\/wp-content\/litespeed\/avatar\/c604c8752ef152ed6affd29ec441879c.jpg?ver=1776889433\",\"caption\":\"parsa.eissazadeh@memodio-app.com\"},\"url\":\"https:\/\/memodio-app.com\/en\/blog\/author\/parsa-eissazadehmemodio-app-com\/\"}]}<\/script>\n<!-- \/ Yoast SEO plugin. -->","yoast_head_json":{"title":"Progression von Demenz - memodio","description":"Erfahren Sie in unserem Demenz Ratgeber alles \u00fcber die Progression von Demenz. Existiert eine schnelle pl\u00f6tzliche Verschlechterung?","robots":{"index":"index","follow":"follow","max-snippet":"max-snippet:-1","max-image-preview":"max-image-preview:large","max-video-preview":"max-video-preview:-1"},"canonical":"https:\/\/lime-camel-596070.hostingersite.com\/blog\/progression-von-demenz\/","og_locale":"en_US","og_type":"article","og_title":"Progression von Demenz - memodio","og_description":"Erfahren Sie in unserem Demenz Ratgeber alles \u00fcber die Progression von Demenz. Existiert eine schnelle pl\u00f6tzliche Verschlechterung?","og_url":"https:\/\/lime-camel-596070.hostingersite.com\/blog\/progression-von-demenz\/","og_site_name":"memodio","article_published_time":"2025-08-27T11:59:42+00:00","article_modified_time":"2025-10-15T10:08:12+00:00","og_image":[{"width":1024,"height":577,"url":"https:\/\/lime-camel-596070.hostingersite.com\/wp-content\/uploads\/2025\/08\/3-2-1024x577.png","type":"image\/png"}],"author":"parsa.eissazadeh@memodio-app.com","twitter_card":"summary_large_image","twitter_misc":{"Written by":"parsa.eissazadeh@memodio-app.com","Est. reading time":"4 minutes"},"schema":{"@context":"https:\/\/schema.org","@graph":[{"@type":"Article","@id":"https:\/\/lime-camel-596070.hostingersite.com\/blog\/progression-von-demenz\/#article","isPartOf":{"@id":"https:\/\/lime-camel-596070.hostingersite.com\/blog\/progression-von-demenz\/"},"author":{"name":"parsa.eissazadeh@memodio-app.com","@id":"https:\/\/lime-camel-596070.hostingersite.com\/#\/schema\/person\/290c847af17774905b29041f4c03961b"},"headline":"Progression von Demenz","datePublished":"2025-08-27T11:59:42+00:00","dateModified":"2025-10-15T10:08:12+00:00","mainEntityOfPage":{"@id":"https:\/\/lime-camel-596070.hostingersite.com\/blog\/progression-von-demenz\/"},"wordCount":716,"commentCount":0,"publisher":{"@id":"https:\/\/lime-camel-596070.hostingersite.com\/#organization"},"image":{"@id":"https:\/\/lime-camel-596070.hostingersite.com\/blog\/progression-von-demenz\/#primaryimage"},"thumbnailUrl":"https:\/\/memodio-app.com\/wp-content\/uploads\/2025\/08\/3-2.png","articleSection":["Demenz \u2013 was tun?"],"inLanguage":"en-US","potentialAction":[{"@type":"CommentAction","name":"Comment","target":["https:\/\/lime-camel-596070.hostingersite.com\/blog\/progression-von-demenz\/#respond"]}]},{"@type":"WebPage","@id":"https:\/\/lime-camel-596070.hostingersite.com\/blog\/progression-von-demenz\/","url":"https:\/\/lime-camel-596070.hostingersite.com\/blog\/progression-von-demenz\/","name":"Progression von Demenz - memodio","isPartOf":{"@id":"https:\/\/lime-camel-596070.hostingersite.com\/#website"},"primaryImageOfPage":{"@id":"https:\/\/lime-camel-596070.hostingersite.com\/blog\/progression-von-demenz\/#primaryimage"},"image":{"@id":"https:\/\/lime-camel-596070.hostingersite.com\/blog\/progression-von-demenz\/#primaryimage"},"thumbnailUrl":"https:\/\/memodio-app.com\/wp-content\/uploads\/2025\/08\/3-2.png","datePublished":"2025-08-27T11:59:42+00:00","dateModified":"2025-10-15T10:08:12+00:00","description":"Erfahren Sie in unserem Demenz Ratgeber alles \u00fcber die Progression von Demenz. Existiert eine schnelle pl\u00f6tzliche Verschlechterung?","breadcrumb":{"@id":"https:\/\/lime-camel-596070.hostingersite.com\/blog\/progression-von-demenz\/#breadcrumb"},"inLanguage":"en-US","potentialAction":[{"@type":"ReadAction","target":["https:\/\/lime-camel-596070.hostingersite.com\/blog\/progression-von-demenz\/"]}]},{"@type":"ImageObject","inLanguage":"en-US","@id":"https:\/\/lime-camel-596070.hostingersite.com\/blog\/progression-von-demenz\/#primaryimage","url":"https:\/\/memodio-app.com\/wp-content\/uploads\/2025\/08\/3-2.png","contentUrl":"https:\/\/memodio-app.com\/wp-content\/uploads\/2025\/08\/3-2.png","width":1640,"height":924},{"@type":"BreadcrumbList","@id":"https:\/\/lime-camel-596070.hostingersite.com\/blog\/progression-von-demenz\/#breadcrumb","itemListElement":[{"@type":"ListItem","position":1,"name":"Home","item":"https:\/\/memodio-app.com\/"},{"@type":"ListItem","position":2,"name":"Progression von Demenz"}]},{"@type":"WebSite","@id":"https:\/\/lime-camel-596070.hostingersite.com\/#website","url":"https:\/\/lime-camel-596070.hostingersite.com\/","name":"memodio","description":"","publisher":{"@id":"https:\/\/lime-camel-596070.hostingersite.com\/#organization"},"potentialAction":[{"@type":"SearchAction","target":{"@type":"EntryPoint","urlTemplate":"https:\/\/lime-camel-596070.hostingersite.com\/?s={search_term_string}"},"query-input":{"@type":"PropertyValueSpecification","valueRequired":true,"valueName":"search_term_string"}}],"inLanguage":"en-US"},{"@type":"Organization","@id":"https:\/\/lime-camel-596070.hostingersite.com\/#organization","name":"memodio GmbH","url":"https:\/\/lime-camel-596070.hostingersite.com\/","logo":{"@type":"ImageObject","inLanguage":"en-US","@id":"https:\/\/lime-camel-596070.hostingersite.com\/#\/schema\/logo\/image\/","url":"https:\/\/memodio-app.com\/wp-content\/uploads\/2025\/08\/logo_text_black.svg","contentUrl":"https:\/\/memodio-app.com\/wp-content\/uploads\/2025\/08\/logo_text_black.svg","width":311,"height":64,"caption":"memodio GmbH"},"image":{"@id":"https:\/\/lime-camel-596070.hostingersite.com\/#\/schema\/logo\/image\/"}},{"@type":"Person","@id":"https:\/\/lime-camel-596070.hostingersite.com\/#\/schema\/person\/290c847af17774905b29041f4c03961b","name":"parsa.eissazadeh@memodio-app.com","image":{"@type":"ImageObject","inLanguage":"en-US","@id":"https:\/\/memodio-app.com\/wp-content\/litespeed\/avatar\/c604c8752ef152ed6affd29ec441879c.jpg?ver=1776889433","url":"https:\/\/memodio-app.com\/wp-content\/litespeed\/avatar\/c604c8752ef152ed6affd29ec441879c.jpg?ver=1776889433","contentUrl":"https:\/\/memodio-app.com\/wp-content\/litespeed\/avatar\/c604c8752ef152ed6affd29ec441879c.jpg?ver=1776889433","caption":"parsa.eissazadeh@memodio-app.com"},"url":"https:\/\/memodio-app.com\/en\/blog\/author\/parsa-eissazadehmemodio-app-com\/"}]}},"_links":{"self":[{"href":"https:\/\/memodio-app.com\/en\/wp-json\/wp\/v2\/posts\/1347","targetHints":{"allow":["GET"]}}],"collection":[{"href":"https:\/\/memodio-app.com\/en\/wp-json\/wp\/v2\/posts"}],"about":[{"href":"https:\/\/memodio-app.com\/en\/wp-json\/wp\/v2\/types\/post"}],"author":[{"embeddable":true,"href":"https:\/\/memodio-app.com\/en\/wp-json\/wp\/v2\/users\/2"}],"replies":[{"embeddable":true,"href":"https:\/\/memodio-app.com\/en\/wp-json\/wp\/v2\/comments?post=1347"}],"version-history":[{"count":64,"href":"https:\/\/memodio-app.com\/en\/wp-json\/wp\/v2\/posts\/1347\/revisions"}],"predecessor-version":[{"id":1815,"href":"https:\/\/memodio-app.com\/en\/wp-json\/wp\/v2\/posts\/1347\/revisions\/1815"}],"wp:featuredmedia":[{"embeddable":true,"href":"https:\/\/memodio-app.com\/en\/wp-json\/wp\/v2\/media\/1349"}],"wp:attachment":[{"href":"https:\/\/memodio-app.com\/en\/wp-json\/wp\/v2\/media?parent=1347"}],"wp:term":[{"taxonomy":"category","embeddable":true,"href":"https:\/\/memodio-app.com\/en\/wp-json\/wp\/v2\/categories?post=1347"},{"taxonomy":"post_tag","embeddable":true,"href":"https:\/\/memodio-app.com\/en\/wp-json\/wp\/v2\/tags?post=1347"}],"curies":[{"name":"wp","href":"https:\/\/api.w.org\/{rel}","templated":true}]}}